{"id":96,"date":"2019-02-18T19:54:11","date_gmt":"2019-02-18T18:54:11","guid":{"rendered":"https:\/\/www.juergen-sw.de\/nordlandtour2019\/?p=96"},"modified":"2019-02-18T19:54:11","modified_gmt":"2019-02-18T18:54:11","slug":"von-karlstad-nach-kristianstad","status":"publish","type":"post","link":"https:\/\/www.juergen-sw.de\/nordlandtour2019\/2019\/02\/18\/von-karlstad-nach-kristianstad\/","title":{"rendered":"Von Karlstad nach Kristianstad"},"content":{"rendered":"\n\t\t<style type=\"text\/css\">\n\t\t\t#gallery-1 {\n\t\t\t\tmargin: auto;\n\t\t\t}\n\t\t\t#gallery-1 .gallery-item {\n\t\t\t\tfloat: left;\n\t\t\t\tmargin-top: 10px;\n\t\t\t\ttext-align: center;\n\t\t\t\twidth: 25%;\n\t\t\t}\n\t\t\t#gallery-1 img {\n\t\t\t\tborder: 2px solid #cfcfcf;\n\t\t\t}\n\t\t\t#gallery-1 .gallery-caption {\n\t\t\t\tmargin-left: 0;\n\t\t\t}\n\t\t\t\/* see gallery_shortcode() in wp-includes\/media.php *\/\n\t\t<\/style>\n\t\t<div id='gallery-1' class='gallery galleryid-96 gallery-columns-4 gallery-size-thumbnail'><dl class='gallery-item'>\n\t\t\t<dt class='gallery-icon landscape'>\n\t\t\t\t<a href='https:\/\/www.juergen-sw.de\/wp-content\/uploads\/sites\/8\/IMG_2710.jpg'><img loading=\"lazy\" decoding=\"async\" width=\"150\" height=\"150\" src=\"https:\/\/www.juergen-sw.de\/wp-content\/uploads\/sites\/8\/IMG_2710-150x150.jpg\" class=\"attachment-thumbnail size-thumbnail\" alt=\"\" \/><\/a>\n\t\t\t<\/dt><\/dl><dl class='gallery-item'>\n\t\t\t<dt class='gallery-icon landscape'>\n\t\t\t\t<a href='https:\/\/www.juergen-sw.de\/wp-content\/uploads\/sites\/8\/IMG_2719.jpg'><img loading=\"lazy\" decoding=\"async\" width=\"150\" height=\"150\" src=\"https:\/\/www.juergen-sw.de\/wp-content\/uploads\/sites\/8\/IMG_2719-150x150.jpg\" class=\"attachment-thumbnail size-thumbnail\" alt=\"\" aria-describedby=\"gallery-1-98\" \/><\/a>\n\t\t\t<\/dt>\n\t\t\t\t<dd class='wp-caption-text gallery-caption' id='gallery-1-98'>\n\t\t\t\tPicassomonument\n\t\t\t\t<\/dd><\/dl><dl class='gallery-item'>\n\t\t\t<dt class='gallery-icon landscape'>\n\t\t\t\t<a href='https:\/\/www.juergen-sw.de\/wp-content\/uploads\/sites\/8\/IMG_2726.jpg'><img loading=\"lazy\" decoding=\"async\" width=\"150\" height=\"150\" src=\"https:\/\/www.juergen-sw.de\/wp-content\/uploads\/sites\/8\/IMG_2726-150x150.jpg\" class=\"attachment-thumbnail size-thumbnail\" alt=\"\" \/><\/a>\n\t\t\t<\/dt><\/dl><dl class='gallery-item'>\n\t\t\t<dt class='gallery-icon landscape'>\n\t\t\t\t<a href='https:\/\/www.juergen-sw.de\/wp-content\/uploads\/sites\/8\/IMG_2727.jpg'><img loading=\"lazy\" decoding=\"async\" width=\"150\" height=\"150\" src=\"https:\/\/www.juergen-sw.de\/wp-content\/uploads\/sites\/8\/IMG_2727-150x150.jpg\" class=\"attachment-thumbnail size-thumbnail\" alt=\"\" aria-describedby=\"gallery-1-100\" \/><\/a>\n\t\t\t<\/dt>\n\t\t\t\t<dd class='wp-caption-text gallery-caption' id='gallery-1-100'>\n\t\t\t\tin Graenna\n\t\t\t\t<\/dd><\/dl><br style=\"clear: both\" \/>\n\t\t<\/div>\n\n<p>Guten Abend aus Kistianstad, hier +6 G, nebelig, auf der Fahrt Sonne und +8 G.\u00a0 in Kristinehamn ist das wundersch\u00f6ne Haus am See links zu sehen. Ein St\u00fcck weiter das Picassomonument. Wurde an die Stadt geschenkt, zur Einweihung des Kunstmuseums. In Gr\u00e4nna gibt es eine tolle Konditorei und nat\u00fcrlich ein Gesch\u00e4ft f\u00fcr die Polkapojkarna ( Zuckerstangen in vielen Geschmacksrichtungen). Heute Abend in Annas Hotell in Kristianstad. Anna ist eine Seele von Mensch und hat mich gleich wiedererkannt. Das Abendessen war wieder wunderbar, der &#8222;kleine&#8220; Salat wurde separat serviert. ( Erinnerung!!) Morgen geht es dann weiter \u00fcber verschiedene Stationen nach Malm\u00f6&#8230;.und tsch\u00fcss.<\/p>\n","protected":false},"excerpt":{"rendered":"<p>Guten Abend aus Kistianstad, hier +6 G, nebelig, auf der Fahrt Sonne und +8 G.\u00a0 in Kristinehamn ist das wundersch\u00f6ne Haus am See links zu sehen. Ein St\u00fcck weiter das Picassomonument. Wurde an die Stadt geschenkt, zur Einweihung des Kunstmuseums. In Gr\u00e4nna gibt es eine tolle Konditorei und nat\u00fcrlich ein Gesch\u00e4ft f\u00fcr die Polkapojkarna ( &hellip; <\/p>\n<p><a class=\"more-link btn\" href=\"https:\/\/www.juergen-sw.de\/nordlandtour2019\/2019\/02\/18\/von-karlstad-nach-kristianstad\/\">Weiterlesen<\/a><\/p>\n","protected":false},"author":2,"featured_media":0,"comment_status":"open","ping_status":"open","sticky":false,"template":"","format":"standard","meta":{"footnotes":""},"categories":[1],"tags":[],"class_list":["post-96","post","type-post","status-publish","format-standard","hentry","category-allgemein","item-wrap"],"_links":{"self":[{"href":"https:\/\/www.juergen-sw.de\/nordlandtour2019\/wp-json\/wp\/v2\/posts\/96","targetHints":{"allow":["GET"]}}],"collection":[{"href":"https:\/\/www.juergen-sw.de\/nordlandtour2019\/wp-json\/wp\/v2\/posts"}],"about":[{"href":"https:\/\/www.juergen-sw.de\/nordlandtour2019\/wp-json\/wp\/v2\/types\/post"}],"author":[{"embeddable":true,"href":"https:\/\/www.juergen-sw.de\/nordlandtour2019\/wp-json\/wp\/v2\/users\/2"}],"replies":[{"embeddable":true,"href":"https:\/\/www.juergen-sw.de\/nordlandtour2019\/wp-json\/wp\/v2\/comments?post=96"}],"version-history":[{"count":1,"href":"https:\/\/www.juergen-sw.de\/nordlandtour2019\/wp-json\/wp\/v2\/posts\/96\/revisions"}],"predecessor-version":[{"id":101,"href":"https:\/\/www.juergen-sw.de\/nordlandtour2019\/wp-json\/wp\/v2\/posts\/96\/revisions\/101"}],"wp:attachment":[{"href":"https:\/\/www.juergen-sw.de\/nordlandtour2019\/wp-json\/wp\/v2\/media?parent=96"}],"wp:term":[{"taxonomy":"category","embeddable":true,"href":"https:\/\/www.juergen-sw.de\/nordlandtour2019\/wp-json\/wp\/v2\/categories?post=96"},{"taxonomy":"post_tag","embeddable":true,"href":"https:\/\/www.juergen-sw.de\/nordlandtour2019\/wp-json\/wp\/v2\/tags?post=96"}],"curies":[{"name":"wp","href":"https:\/\/api.w.org\/{rel}","templated":true}]}}