{"id":91,"date":"2019-02-17T19:05:06","date_gmt":"2019-02-17T18:05:06","guid":{"rendered":"https:\/\/www.juergen-sw.de\/nordlandtour2019\/?p=91"},"modified":"2019-02-17T19:05:06","modified_gmt":"2019-02-17T18:05:06","slug":"von-oestersund-nach-karlstad","status":"publish","type":"post","link":"https:\/\/www.juergen-sw.de\/nordlandtour2019\/2019\/02\/17\/von-oestersund-nach-karlstad\/","title":{"rendered":"Von \u00d6stersund nach Karlstad"},"content":{"rendered":"\n\t\t<style type=\"text\/css\">\n\t\t\t#gallery-1 {\n\t\t\t\tmargin: auto;\n\t\t\t}\n\t\t\t#gallery-1 .gallery-item {\n\t\t\t\tfloat: left;\n\t\t\t\tmargin-top: 10px;\n\t\t\t\ttext-align: center;\n\t\t\t\twidth: 33%;\n\t\t\t}\n\t\t\t#gallery-1 img {\n\t\t\t\tborder: 2px solid #cfcfcf;\n\t\t\t}\n\t\t\t#gallery-1 .gallery-caption {\n\t\t\t\tmargin-left: 0;\n\t\t\t}\n\t\t\t\/* see gallery_shortcode() in wp-includes\/media.php *\/\n\t\t<\/style>\n\t\t<div id='gallery-1' class='gallery galleryid-91 gallery-columns-3 gallery-size-thumbnail'><dl class='gallery-item'>\n\t\t\t<dt class='gallery-icon landscape'>\n\t\t\t\t<a href='https:\/\/www.juergen-sw.de\/wp-content\/uploads\/sites\/8\/IMG_2707.jpg'><img loading=\"lazy\" decoding=\"async\" width=\"150\" height=\"150\" src=\"https:\/\/www.juergen-sw.de\/wp-content\/uploads\/sites\/8\/IMG_2707-150x150.jpg\" class=\"attachment-thumbnail size-thumbnail\" alt=\"\" \/><\/a>\n\t\t\t<\/dt><\/dl><dl class='gallery-item'>\n\t\t\t<dt class='gallery-icon landscape'>\n\t\t\t\t<a href='https:\/\/www.juergen-sw.de\/wp-content\/uploads\/sites\/8\/IMG_2709.jpg'><img loading=\"lazy\" decoding=\"async\" width=\"150\" height=\"150\" src=\"https:\/\/www.juergen-sw.de\/wp-content\/uploads\/sites\/8\/IMG_2709-150x150.jpg\" class=\"attachment-thumbnail size-thumbnail\" alt=\"\" \/><\/a>\n\t\t\t<\/dt><\/dl><dl class='gallery-item'>\n\t\t\t<dt class='gallery-icon landscape'>\n\t\t\t\t<a href='https:\/\/www.juergen-sw.de\/wp-content\/uploads\/sites\/8\/IMG_5322.jpg'><img loading=\"lazy\" decoding=\"async\" width=\"150\" height=\"150\" src=\"https:\/\/www.juergen-sw.de\/wp-content\/uploads\/sites\/8\/IMG_5322-150x150.jpg\" class=\"attachment-thumbnail size-thumbnail\" alt=\"\" aria-describedby=\"gallery-1-94\" \/><\/a>\n\t\t\t<\/dt>\n\t\t\t\t<dd class='wp-caption-text gallery-caption' id='gallery-1-94'>\n\t\t\t\tPanorama\n\t\t\t\t<\/dd><\/dl><br style=\"clear: both\" \/>\n\t\t<\/div>\n\n<p>Guten Abend aus Karlstad, +3 G, sonnig und teilweise bew\u00f6lkt. Der Schnee wurde der Strecke immer weniger und die Gass ist geputzt, kein Schnee auf der Stra\u00dfe. Heute Morgen dieser tolle Sonnenaufgang. Welches Bild am Besten gef\u00e4llt sollte jeder f\u00fcr sich entscheiden. (Das mittlere Bild ist das Orginal, links ist Automatisch aufgehellt worden) Sonst ist auf der mehr als 7 st\u00fcndigen Fahrt nicht viel passiert. Morgen geht es nach Kristianstad weiter&#8230;.und tsch\u00fcss.<\/p>\n<p>&nbsp;<\/p>\n<p>&nbsp;<\/p>\n","protected":false},"excerpt":{"rendered":"<p>Guten Abend aus Karlstad, +3 G, sonnig und teilweise bew\u00f6lkt. Der Schnee wurde der Strecke immer weniger und die Gass ist geputzt, kein Schnee auf der Stra\u00dfe. Heute Morgen dieser tolle Sonnenaufgang. Welches Bild am Besten gef\u00e4llt sollte jeder f\u00fcr sich entscheiden. (Das mittlere Bild ist das Orginal, links ist Automatisch aufgehellt worden) Sonst ist &hellip; <\/p>\n<p><a class=\"more-link btn\" href=\"https:\/\/www.juergen-sw.de\/nordlandtour2019\/2019\/02\/17\/von-oestersund-nach-karlstad\/\">Weiterlesen<\/a><\/p>\n","protected":false},"author":2,"featured_media":0,"comment_status":"open","ping_status":"open","sticky":false,"template":"","format":"standard","meta":{"footnotes":""},"categories":[1],"tags":[],"class_list":["post-91","post","type-post","status-publish","format-standard","hentry","category-allgemein","item-wrap"],"_links":{"self":[{"href":"https:\/\/www.juergen-sw.de\/nordlandtour2019\/wp-json\/wp\/v2\/posts\/91","targetHints":{"allow":["GET"]}}],"collection":[{"href":"https:\/\/www.juergen-sw.de\/nordlandtour2019\/wp-json\/wp\/v2\/posts"}],"about":[{"href":"https:\/\/www.juergen-sw.de\/nordlandtour2019\/wp-json\/wp\/v2\/types\/post"}],"author":[{"embeddable":true,"href":"https:\/\/www.juergen-sw.de\/nordlandtour2019\/wp-json\/wp\/v2\/users\/2"}],"replies":[{"embeddable":true,"href":"https:\/\/www.juergen-sw.de\/nordlandtour2019\/wp-json\/wp\/v2\/comments?post=91"}],"version-history":[{"count":1,"href":"https:\/\/www.juergen-sw.de\/nordlandtour2019\/wp-json\/wp\/v2\/posts\/91\/revisions"}],"predecessor-version":[{"id":95,"href":"https:\/\/www.juergen-sw.de\/nordlandtour2019\/wp-json\/wp\/v2\/posts\/91\/revisions\/95"}],"wp:attachment":[{"href":"https:\/\/www.juergen-sw.de\/nordlandtour2019\/wp-json\/wp\/v2\/media?parent=91"}],"wp:term":[{"taxonomy":"category","embeddable":true,"href":"https:\/\/www.juergen-sw.de\/nordlandtour2019\/wp-json\/wp\/v2\/categories?post=91"},{"taxonomy":"post_tag","embeddable":true,"href":"https:\/\/www.juergen-sw.de\/nordlandtour2019\/wp-json\/wp\/v2\/tags?post=91"}],"curies":[{"name":"wp","href":"https:\/\/api.w.org\/{rel}","templated":true}]}}