{"id":67,"date":"2019-02-12T16:33:16","date_gmt":"2019-02-12T15:33:16","guid":{"rendered":"https:\/\/www.juergen-sw.de\/nordlandtour2019\/?p=67"},"modified":"2019-02-12T16:33:16","modified_gmt":"2019-02-12T15:33:16","slug":"von-svolvaer-zurueck-nach-narvik","status":"publish","type":"post","link":"https:\/\/www.juergen-sw.de\/nordlandtour2019\/2019\/02\/12\/von-svolvaer-zurueck-nach-narvik\/","title":{"rendered":"Von Svolvaer zur\u00fcck nach Narvik"},"content":{"rendered":"\n\t\t<style type=\"text\/css\">\n\t\t\t#gallery-1 {\n\t\t\t\tmargin: auto;\n\t\t\t}\n\t\t\t#gallery-1 .gallery-item {\n\t\t\t\tfloat: left;\n\t\t\t\tmargin-top: 10px;\n\t\t\t\ttext-align: center;\n\t\t\t\twidth: 33%;\n\t\t\t}\n\t\t\t#gallery-1 img {\n\t\t\t\tborder: 2px solid #cfcfcf;\n\t\t\t}\n\t\t\t#gallery-1 .gallery-caption {\n\t\t\t\tmargin-left: 0;\n\t\t\t}\n\t\t\t\/* see gallery_shortcode() in wp-includes\/media.php *\/\n\t\t<\/style>\n\t\t<div id='gallery-1' class='gallery galleryid-67 gallery-columns-3 gallery-size-thumbnail'><dl class='gallery-item'>\n\t\t\t<dt class='gallery-icon landscape'>\n\t\t\t\t<a href='https:\/\/www.juergen-sw.de\/wp-content\/uploads\/sites\/8\/IMG_2671.jpg'><img loading=\"lazy\" decoding=\"async\" width=\"150\" height=\"150\" src=\"https:\/\/www.juergen-sw.de\/wp-content\/uploads\/sites\/8\/IMG_2671-150x150.jpg\" class=\"attachment-thumbnail size-thumbnail\" alt=\"\" \/><\/a>\n\t\t\t<\/dt><\/dl><dl class='gallery-item'>\n\t\t\t<dt class='gallery-icon landscape'>\n\t\t\t\t<a href='https:\/\/www.juergen-sw.de\/wp-content\/uploads\/sites\/8\/IMG_2674.jpg'><img loading=\"lazy\" decoding=\"async\" width=\"150\" height=\"150\" src=\"https:\/\/www.juergen-sw.de\/wp-content\/uploads\/sites\/8\/IMG_2674-150x150.jpg\" class=\"attachment-thumbnail size-thumbnail\" alt=\"\" \/><\/a>\n\t\t\t<\/dt><\/dl><dl class='gallery-item'>\n\t\t\t<dt class='gallery-icon landscape'>\n\t\t\t\t<a href='https:\/\/www.juergen-sw.de\/wp-content\/uploads\/sites\/8\/IMG_2675.jpg'><img loading=\"lazy\" decoding=\"async\" width=\"150\" height=\"150\" src=\"https:\/\/www.juergen-sw.de\/wp-content\/uploads\/sites\/8\/IMG_2675-150x150.jpg\" class=\"attachment-thumbnail size-thumbnail\" alt=\"\" \/><\/a>\n\t\t\t<\/dt><\/dl><br style=\"clear: both\" \/>\n\t\t<\/div>\n\n<p>Heute wieder in Narvik zur\u00fcck. Die Fahrt sehr unangenehm. St\u00e4ndiger starker Wind, Schneeverwehungen, und viel Schnee. Um die 0 G. Teilweise war es sehr schwierig; das vorausfahrende Fahrzeug fast garnicht zu sehen. An einem Berg standen wir fast 1 Stunde im Stau, ein LKW kam nicht hoch und blockierte die Stra\u00dfe. Winter auf den Lofoten, dieses Jahr mal mit viel Schnee, erz\u00e4hlte ein Busfahrer. Soviel Schnee hatte er schon lange nicht mehr erlebt. Seine Fahrg\u00e4ste waren ganz ungl\u00fccklich, schlie\u00dflich fuhr der Bus zum Flughafen. So ist das Leben in der Arktik!! Morgen gehts nach Arvidsjaur &#8230;&#8230;und tsch\u00fcsss<\/p>\n","protected":false},"excerpt":{"rendered":"<p>Heute wieder in Narvik zur\u00fcck. Die Fahrt sehr unangenehm. St\u00e4ndiger starker Wind, Schneeverwehungen, und viel Schnee. Um die 0 G. Teilweise war es sehr schwierig; das vorausfahrende Fahrzeug fast garnicht zu sehen. An einem Berg standen wir fast 1 Stunde im Stau, ein LKW kam nicht hoch und blockierte die Stra\u00dfe. Winter auf den Lofoten, &hellip; <\/p>\n<p><a class=\"more-link btn\" href=\"https:\/\/www.juergen-sw.de\/nordlandtour2019\/2019\/02\/12\/von-svolvaer-zurueck-nach-narvik\/\">Weiterlesen<\/a><\/p>\n","protected":false},"author":2,"featured_media":0,"comment_status":"open","ping_status":"open","sticky":false,"template":"","format":"standard","meta":{"footnotes":""},"categories":[1],"tags":[],"class_list":["post-67","post","type-post","status-publish","format-standard","hentry","category-allgemein","item-wrap"],"_links":{"self":[{"href":"https:\/\/www.juergen-sw.de\/nordlandtour2019\/wp-json\/wp\/v2\/posts\/67","targetHints":{"allow":["GET"]}}],"collection":[{"href":"https:\/\/www.juergen-sw.de\/nordlandtour2019\/wp-json\/wp\/v2\/posts"}],"about":[{"href":"https:\/\/www.juergen-sw.de\/nordlandtour2019\/wp-json\/wp\/v2\/types\/post"}],"author":[{"embeddable":true,"href":"https:\/\/www.juergen-sw.de\/nordlandtour2019\/wp-json\/wp\/v2\/users\/2"}],"replies":[{"embeddable":true,"href":"https:\/\/www.juergen-sw.de\/nordlandtour2019\/wp-json\/wp\/v2\/comments?post=67"}],"version-history":[{"count":1,"href":"https:\/\/www.juergen-sw.de\/nordlandtour2019\/wp-json\/wp\/v2\/posts\/67\/revisions"}],"predecessor-version":[{"id":71,"href":"https:\/\/www.juergen-sw.de\/nordlandtour2019\/wp-json\/wp\/v2\/posts\/67\/revisions\/71"}],"wp:attachment":[{"href":"https:\/\/www.juergen-sw.de\/nordlandtour2019\/wp-json\/wp\/v2\/media?parent=67"}],"wp:term":[{"taxonomy":"category","embeddable":true,"href":"https:\/\/www.juergen-sw.de\/nordlandtour2019\/wp-json\/wp\/v2\/categories?post=67"},{"taxonomy":"post_tag","embeddable":true,"href":"https:\/\/www.juergen-sw.de\/nordlandtour2019\/wp-json\/wp\/v2\/tags?post=67"}],"curies":[{"name":"wp","href":"https:\/\/api.w.org\/{rel}","templated":true}]}}