{"id":42,"date":"2019-02-09T16:54:02","date_gmt":"2019-02-09T15:54:02","guid":{"rendered":"https:\/\/www.juergen-sw.de\/nordlandtour2019\/?p=42"},"modified":"2019-02-09T16:54:02","modified_gmt":"2019-02-09T15:54:02","slug":"von-mo-i-rana-nach-narvik","status":"publish","type":"post","link":"https:\/\/www.juergen-sw.de\/nordlandtour2019\/2019\/02\/09\/von-mo-i-rana-nach-narvik\/","title":{"rendered":"Von Mo I Rana nach Narvik"},"content":{"rendered":"\n\t\t<style type=\"text\/css\">\n\t\t\t#gallery-1 {\n\t\t\t\tmargin: auto;\n\t\t\t}\n\t\t\t#gallery-1 .gallery-item {\n\t\t\t\tfloat: left;\n\t\t\t\tmargin-top: 10px;\n\t\t\t\ttext-align: center;\n\t\t\t\twidth: 16%;\n\t\t\t}\n\t\t\t#gallery-1 img {\n\t\t\t\tborder: 2px solid #cfcfcf;\n\t\t\t}\n\t\t\t#gallery-1 .gallery-caption {\n\t\t\t\tmargin-left: 0;\n\t\t\t}\n\t\t\t\/* see gallery_shortcode() in wp-includes\/media.php *\/\n\t\t<\/style>\n\t\t<div id='gallery-1' class='gallery galleryid-42 gallery-columns-6 gallery-size-thumbnail'><dl class='gallery-item'>\n\t\t\t<dt class='gallery-icon landscape'>\n\t\t\t\t<a href='https:\/\/www.juergen-sw.de\/wp-content\/uploads\/sites\/8\/IMG_2585.jpg'><img loading=\"lazy\" decoding=\"async\" width=\"150\" height=\"150\" src=\"https:\/\/www.juergen-sw.de\/wp-content\/uploads\/sites\/8\/IMG_2585-150x150.jpg\" class=\"attachment-thumbnail size-thumbnail\" alt=\"\" aria-describedby=\"gallery-1-44\" \/><\/a>\n\t\t\t<\/dt>\n\t\t\t\t<dd class='wp-caption-text gallery-caption' id='gallery-1-44'>\n\t\t\t\tSonnenaufgang am Polarkreis\n\t\t\t\t<\/dd><\/dl><dl class='gallery-item'>\n\t\t\t<dt class='gallery-icon landscape'>\n\t\t\t\t<a href='https:\/\/www.juergen-sw.de\/wp-content\/uploads\/sites\/8\/IMG_2582.jpg'><img loading=\"lazy\" decoding=\"async\" width=\"150\" height=\"150\" src=\"https:\/\/www.juergen-sw.de\/wp-content\/uploads\/sites\/8\/IMG_2582-150x150.jpg\" class=\"attachment-thumbnail size-thumbnail\" alt=\"\" \/><\/a>\n\t\t\t<\/dt><\/dl><dl class='gallery-item'>\n\t\t\t<dt class='gallery-icon landscape'>\n\t\t\t\t<a href='https:\/\/www.juergen-sw.de\/wp-content\/uploads\/sites\/8\/IMG_2594.jpg'><img loading=\"lazy\" decoding=\"async\" width=\"150\" height=\"150\" src=\"https:\/\/www.juergen-sw.de\/wp-content\/uploads\/sites\/8\/IMG_2594-150x150.jpg\" class=\"attachment-thumbnail size-thumbnail\" alt=\"\" \/><\/a>\n\t\t\t<\/dt><\/dl><dl class='gallery-item'>\n\t\t\t<dt class='gallery-icon landscape'>\n\t\t\t\t<a href='https:\/\/www.juergen-sw.de\/wp-content\/uploads\/sites\/8\/IMG_2592.jpg'><img loading=\"lazy\" decoding=\"async\" width=\"150\" height=\"150\" src=\"https:\/\/www.juergen-sw.de\/wp-content\/uploads\/sites\/8\/IMG_2592-150x150.jpg\" class=\"attachment-thumbnail size-thumbnail\" alt=\"\" aria-describedby=\"gallery-1-45\" \/><\/a>\n\t\t\t<\/dt>\n\t\t\t\t<dd class='wp-caption-text gallery-caption' id='gallery-1-45'>\n\t\t\t\tEin U-Boot?\n\t\t\t\t<\/dd><\/dl><dl class='gallery-item'>\n\t\t\t<dt class='gallery-icon landscape'>\n\t\t\t\t<a href='https:\/\/www.juergen-sw.de\/wp-content\/uploads\/sites\/8\/IMG_2597.jpg'><img loading=\"lazy\" decoding=\"async\" width=\"150\" height=\"150\" src=\"https:\/\/www.juergen-sw.de\/wp-content\/uploads\/sites\/8\/IMG_2597-150x150.jpg\" class=\"attachment-thumbnail size-thumbnail\" alt=\"\" aria-describedby=\"gallery-1-47\" \/><\/a>\n\t\t\t<\/dt>\n\t\t\t\t<dd class='wp-caption-text gallery-caption' id='gallery-1-47'>\n\t\t\t\tSonnenuntergang in Narvik\n\t\t\t\t<\/dd><\/dl><dl class='gallery-item'>\n\t\t\t<dt class='gallery-icon landscape'>\n\t\t\t\t<a href='https:\/\/www.juergen-sw.de\/wp-content\/uploads\/sites\/8\/IMG_2600.jpg'><img loading=\"lazy\" decoding=\"async\" width=\"150\" height=\"150\" src=\"https:\/\/www.juergen-sw.de\/wp-content\/uploads\/sites\/8\/IMG_2600-150x150.jpg\" class=\"attachment-thumbnail size-thumbnail\" alt=\"\" aria-describedby=\"gallery-1-48\" \/><\/a>\n\t\t\t<\/dt>\n\t\t\t\t<dd class='wp-caption-text gallery-caption' id='gallery-1-48'>\n\t\t\t\tNarvik am Abend\n\t\t\t\t<\/dd><\/dl><br style=\"clear: both\" \/>\n\t\t<\/div>\n\n<p>Guten Abend, heute aus Narvik, -9 Grad, sonnig, leicht bew\u00f6lkt. Der Weg war sehr sch\u00f6n bei dem Wetter, leider war am Polarkreis noch Dunkelheit, 7.44 h. Daf\u00fcr war der Sonnenuntergang in Narvik als Entsch\u00e4digung. Morgen geht es nun auf die Lofoten. Es soll viel Schnee geben&#8230;&#8230;.und tsch\u00fcsss.<\/p>\n","protected":false},"excerpt":{"rendered":"<p>Guten Abend, heute aus Narvik, -9 Grad, sonnig, leicht bew\u00f6lkt. Der Weg war sehr sch\u00f6n bei dem Wetter, leider war am Polarkreis noch Dunkelheit, 7.44 h. Daf\u00fcr war der Sonnenuntergang in Narvik als Entsch\u00e4digung. Morgen geht es nun auf die Lofoten. Es soll viel Schnee geben&#8230;&#8230;.und tsch\u00fcsss.<\/p>\n","protected":false},"author":2,"featured_media":0,"comment_status":"open","ping_status":"open","sticky":false,"template":"","format":"standard","meta":{"footnotes":""},"categories":[1],"tags":[],"class_list":["post-42","post","type-post","status-publish","format-standard","hentry","category-allgemein","item-wrap"],"_links":{"self":[{"href":"https:\/\/www.juergen-sw.de\/nordlandtour2019\/wp-json\/wp\/v2\/posts\/42","targetHints":{"allow":["GET"]}}],"collection":[{"href":"https:\/\/www.juergen-sw.de\/nordlandtour2019\/wp-json\/wp\/v2\/posts"}],"about":[{"href":"https:\/\/www.juergen-sw.de\/nordlandtour2019\/wp-json\/wp\/v2\/types\/post"}],"author":[{"embeddable":true,"href":"https:\/\/www.juergen-sw.de\/nordlandtour2019\/wp-json\/wp\/v2\/users\/2"}],"replies":[{"embeddable":true,"href":"https:\/\/www.juergen-sw.de\/nordlandtour2019\/wp-json\/wp\/v2\/comments?post=42"}],"version-history":[{"count":1,"href":"https:\/\/www.juergen-sw.de\/nordlandtour2019\/wp-json\/wp\/v2\/posts\/42\/revisions"}],"predecessor-version":[{"id":49,"href":"https:\/\/www.juergen-sw.de\/nordlandtour2019\/wp-json\/wp\/v2\/posts\/42\/revisions\/49"}],"wp:attachment":[{"href":"https:\/\/www.juergen-sw.de\/nordlandtour2019\/wp-json\/wp\/v2\/media?parent=42"}],"wp:term":[{"taxonomy":"category","embeddable":true,"href":"https:\/\/www.juergen-sw.de\/nordlandtour2019\/wp-json\/wp\/v2\/categories?post=42"},{"taxonomy":"post_tag","embeddable":true,"href":"https:\/\/www.juergen-sw.de\/nordlandtour2019\/wp-json\/wp\/v2\/tags?post=42"}],"curies":[{"name":"wp","href":"https:\/\/api.w.org\/{rel}","templated":true}]}}