{"id":84,"date":"2018-02-21T20:17:58","date_gmt":"2018-02-21T19:17:58","guid":{"rendered":"https:\/\/www.juergen-sw.de\/nordlandtour2018\/?p=84"},"modified":"2018-02-21T20:17:58","modified_gmt":"2018-02-21T19:17:58","slug":"21-02-18-von-karasjok-ueber-hammerfest-nach-alta-norwegen","status":"publish","type":"post","link":"https:\/\/www.juergen-sw.de\/nordlandtour2018\/2018\/02\/21\/21-02-18-von-karasjok-ueber-hammerfest-nach-alta-norwegen\/","title":{"rendered":"21.02.18 Von Karasjok \u00fcber Hammerfest nach Alta, Norwegen"},"content":{"rendered":"\n\t\t<style type=\"text\/css\">\n\t\t\t#gallery-1 {\n\t\t\t\tmargin: auto;\n\t\t\t}\n\t\t\t#gallery-1 .gallery-item {\n\t\t\t\tfloat: left;\n\t\t\t\tmargin-top: 10px;\n\t\t\t\ttext-align: center;\n\t\t\t\twidth: 20%;\n\t\t\t}\n\t\t\t#gallery-1 img {\n\t\t\t\tborder: 2px solid #cfcfcf;\n\t\t\t}\n\t\t\t#gallery-1 .gallery-caption {\n\t\t\t\tmargin-left: 0;\n\t\t\t}\n\t\t\t\/* see gallery_shortcode() in wp-includes\/media.php *\/\n\t\t<\/style>\n\t\t<div id='gallery-1' class='gallery galleryid-84 gallery-columns-5 gallery-size-thumbnail'><dl class='gallery-item'>\n\t\t\t<dt class='gallery-icon landscape'>\n\t\t\t\t<a href='https:\/\/www.juergen-sw.de\/wp-content\/uploads\/sites\/7\/Schneewand.jpg'><img loading=\"lazy\" decoding=\"async\" width=\"150\" height=\"150\" src=\"https:\/\/www.juergen-sw.de\/wp-content\/uploads\/sites\/7\/Schneewand-150x150.jpg\" class=\"attachment-thumbnail size-thumbnail\" alt=\"\" aria-describedby=\"gallery-1-88\" \/><\/a>\n\t\t\t<\/dt>\n\t\t\t\t<dd class='wp-caption-text gallery-caption' id='gallery-1-88'>\n\t\t\t\tSchneewand kommt\n\t\t\t\t<\/dd><\/dl><dl class='gallery-item'>\n\t\t\t<dt class='gallery-icon landscape'>\n\t\t\t\t<a href='https:\/\/www.juergen-sw.de\/wp-content\/uploads\/sites\/7\/Schnee.jpg'><img loading=\"lazy\" decoding=\"async\" width=\"150\" height=\"150\" src=\"https:\/\/www.juergen-sw.de\/wp-content\/uploads\/sites\/7\/Schnee-150x150.jpg\" class=\"attachment-thumbnail size-thumbnail\" alt=\"\" aria-describedby=\"gallery-1-86\" \/><\/a>\n\t\t\t<\/dt>\n\t\t\t\t<dd class='wp-caption-text gallery-caption' id='gallery-1-86'>\n\t\t\t\tSchnee\n\t\t\t\t<\/dd><\/dl><dl class='gallery-item'>\n\t\t\t<dt class='gallery-icon portrait'>\n\t\t\t\t<a href='https:\/\/www.juergen-sw.de\/wp-content\/uploads\/sites\/7\/Schneemobil.jpg'><img loading=\"lazy\" decoding=\"async\" width=\"150\" height=\"150\" src=\"https:\/\/www.juergen-sw.de\/wp-content\/uploads\/sites\/7\/Schneemobil-150x150.jpg\" class=\"attachment-thumbnail size-thumbnail\" alt=\"\" aria-describedby=\"gallery-1-87\" \/><\/a>\n\t\t\t<\/dt>\n\t\t\t\t<dd class='wp-caption-text gallery-caption' id='gallery-1-87'>\n\t\t\t\tSchneemobil\n\t\t\t\t<\/dd><\/dl><dl class='gallery-item'>\n\t\t\t<dt class='gallery-icon landscape'>\n\t\t\t\t<a href='https:\/\/www.juergen-sw.de\/wp-content\/uploads\/sites\/7\/Gastanker.jpg'><img loading=\"lazy\" decoding=\"async\" width=\"150\" height=\"150\" src=\"https:\/\/www.juergen-sw.de\/wp-content\/uploads\/sites\/7\/Gastanker-150x150.jpg\" class=\"attachment-thumbnail size-thumbnail\" alt=\"\" aria-describedby=\"gallery-1-85\" \/><\/a>\n\t\t\t<\/dt>\n\t\t\t\t<dd class='wp-caption-text gallery-caption' id='gallery-1-85'>\n\t\t\t\tGastanker in Hammerfest\n\t\t\t\t<\/dd><\/dl><dl class='gallery-item'>\n\t\t\t<dt class='gallery-icon landscape'>\n\t\t\t\t<a href='https:\/\/www.juergen-sw.de\/wp-content\/uploads\/sites\/7\/WinterlandschaftCR2.jpg'><img loading=\"lazy\" decoding=\"async\" width=\"150\" height=\"150\" src=\"https:\/\/www.juergen-sw.de\/wp-content\/uploads\/sites\/7\/WinterlandschaftCR2-150x150.jpg\" class=\"attachment-thumbnail size-thumbnail\" alt=\"\" aria-describedby=\"gallery-1-89\" \/><\/a>\n\t\t\t<\/dt>\n\t\t\t\t<dd class='wp-caption-text gallery-caption' id='gallery-1-89'>\n\t\t\t\tLandschaft\n\t\t\t\t<\/dd><\/dl><br style=\"clear: both\" \/>\n\t\t<\/div>\n\n<p>Hej Hej, heute Morgen in Karasjok -25 Grad, tags\u00fcber nur noch -5 Grad. Auf dem Weg nach Hammerfest kam dann eine Schneewand. Aber Hallo. Sichtweite ca 3 Meter, Pulverschnee, innerhalb von Minuten ca. 15 cm auf der Fahrbahn. Es fuhr sich wie auf Watte. Ich war froh, dass ich Allrad und Spikes hatte. In Hammerfest dann Sonne satt. Das Hurtigruten Schiff Trollfjord begr\u00fc\u00dfte mich. Es war auf meiner ersten Tour zum Nordkapp das Schiff, was mich und mein Auto nach Bergen zur\u00fcck brachte. Wir sind also alte Bekannte!! In Alta heute Abend nur -6 Grad, das Auto steht warm in der Hotelgarage. Morgen geht es weiter nach Troms\u00f6&#8230;.und tsch\u00fcss (hoffentlich ohne Schneesturm)<\/p>\n","protected":false},"excerpt":{"rendered":"<p>Hej Hej, heute Morgen in Karasjok -25 Grad, tags\u00fcber nur noch -5 Grad. Auf dem Weg nach Hammerfest kam dann eine Schneewand. Aber Hallo. Sichtweite ca 3 Meter, Pulverschnee, innerhalb von Minuten ca. 15 cm auf der Fahrbahn. Es fuhr sich wie auf Watte. Ich war froh, dass ich Allrad und Spikes hatte. In Hammerfest &hellip; <\/p>\n<p><a class=\"more-link btn\" href=\"https:\/\/www.juergen-sw.de\/nordlandtour2018\/2018\/02\/21\/21-02-18-von-karasjok-ueber-hammerfest-nach-alta-norwegen\/\">Weiterlesen<\/a><\/p>\n","protected":false},"author":2,"featured_media":0,"comment_status":"open","ping_status":"open","sticky":false,"template":"","format":"standard","meta":{"footnotes":""},"categories":[1],"tags":[],"class_list":["post-84","post","type-post","status-publish","format-standard","hentry","category-allgemein","item-wrap"],"_links":{"self":[{"href":"https:\/\/www.juergen-sw.de\/nordlandtour2018\/wp-json\/wp\/v2\/posts\/84","targetHints":{"allow":["GET"]}}],"collection":[{"href":"https:\/\/www.juergen-sw.de\/nordlandtour2018\/wp-json\/wp\/v2\/posts"}],"about":[{"href":"https:\/\/www.juergen-sw.de\/nordlandtour2018\/wp-json\/wp\/v2\/types\/post"}],"author":[{"embeddable":true,"href":"https:\/\/www.juergen-sw.de\/nordlandtour2018\/wp-json\/wp\/v2\/users\/2"}],"replies":[{"embeddable":true,"href":"https:\/\/www.juergen-sw.de\/nordlandtour2018\/wp-json\/wp\/v2\/comments?post=84"}],"version-history":[{"count":1,"href":"https:\/\/www.juergen-sw.de\/nordlandtour2018\/wp-json\/wp\/v2\/posts\/84\/revisions"}],"predecessor-version":[{"id":90,"href":"https:\/\/www.juergen-sw.de\/nordlandtour2018\/wp-json\/wp\/v2\/posts\/84\/revisions\/90"}],"wp:attachment":[{"href":"https:\/\/www.juergen-sw.de\/nordlandtour2018\/wp-json\/wp\/v2\/media?parent=84"}],"wp:term":[{"taxonomy":"category","embeddable":true,"href":"https:\/\/www.juergen-sw.de\/nordlandtour2018\/wp-json\/wp\/v2\/categories?post=84"},{"taxonomy":"post_tag","embeddable":true,"href":"https:\/\/www.juergen-sw.de\/nordlandtour2018\/wp-json\/wp\/v2\/tags?post=84"}],"curies":[{"name":"wp","href":"https:\/\/api.w.org\/{rel}","templated":true}]}}