{"id":186,"date":"2018-03-07T17:50:56","date_gmt":"2018-03-07T16:50:56","guid":{"rendered":"https:\/\/www.juergen-sw.de\/nordlandtour2018\/?p=186"},"modified":"2018-03-07T17:50:56","modified_gmt":"2018-03-07T16:50:56","slug":"07-03-von-goeteborg-nach-malmoe-mit-umwegen","status":"publish","type":"post","link":"https:\/\/www.juergen-sw.de\/nordlandtour2018\/2018\/03\/07\/07-03-von-goeteborg-nach-malmoe-mit-umwegen\/","title":{"rendered":"07.03. Von G\u00f6teborg nach Malm\u00f6, mit Umwegen"},"content":{"rendered":"\n\t\t<style type=\"text\/css\">\n\t\t\t#gallery-1 {\n\t\t\t\tmargin: auto;\n\t\t\t}\n\t\t\t#gallery-1 .gallery-item {\n\t\t\t\tfloat: left;\n\t\t\t\tmargin-top: 10px;\n\t\t\t\ttext-align: center;\n\t\t\t\twidth: 16%;\n\t\t\t}\n\t\t\t#gallery-1 img {\n\t\t\t\tborder: 2px solid #cfcfcf;\n\t\t\t}\n\t\t\t#gallery-1 .gallery-caption {\n\t\t\t\tmargin-left: 0;\n\t\t\t}\n\t\t\t\/* see gallery_shortcode() in wp-includes\/media.php *\/\n\t\t<\/style>\n\t\t<div id='gallery-1' class='gallery galleryid-186 gallery-columns-6 gallery-size-thumbnail'><dl class='gallery-item'>\n\t\t\t<dt class='gallery-icon landscape'>\n\t\t\t\t<a href='https:\/\/www.juergen-sw.de\/wp-content\/uploads\/sites\/7\/Containeranlage-Malmoe.jpg'><img loading=\"lazy\" decoding=\"async\" width=\"150\" height=\"150\" src=\"https:\/\/www.juergen-sw.de\/wp-content\/uploads\/sites\/7\/Containeranlage-Malmoe-150x150.jpg\" class=\"attachment-thumbnail size-thumbnail\" alt=\"\" \/><\/a>\n\t\t\t<\/dt><\/dl><dl class='gallery-item'>\n\t\t\t<dt class='gallery-icon landscape'>\n\t\t\t\t<a href='https:\/\/www.juergen-sw.de\/wp-content\/uploads\/sites\/7\/Conterverladung-Malmoe.jpg'><img loading=\"lazy\" decoding=\"async\" width=\"150\" height=\"150\" src=\"https:\/\/www.juergen-sw.de\/wp-content\/uploads\/sites\/7\/Conterverladung-Malmoe-150x150.jpg\" class=\"attachment-thumbnail size-thumbnail\" alt=\"\" \/><\/a>\n\t\t\t<\/dt><\/dl><dl class='gallery-item'>\n\t\t\t<dt class='gallery-icon landscape'>\n\t\t\t\t<a href='https:\/\/www.juergen-sw.de\/wp-content\/uploads\/sites\/7\/bank.jpg'><img loading=\"lazy\" decoding=\"async\" width=\"150\" height=\"150\" src=\"https:\/\/www.juergen-sw.de\/wp-content\/uploads\/sites\/7\/bank-150x150.jpg\" class=\"attachment-thumbnail size-thumbnail\" alt=\"\" \/><\/a>\n\t\t\t<\/dt><\/dl><dl class='gallery-item'>\n\t\t\t<dt class='gallery-icon landscape'>\n\t\t\t\t<a href='https:\/\/www.juergen-sw.de\/wp-content\/uploads\/sites\/7\/Muehle-u-Sonne.jpg'><img loading=\"lazy\" decoding=\"async\" width=\"150\" height=\"150\" src=\"https:\/\/www.juergen-sw.de\/wp-content\/uploads\/sites\/7\/Muehle-u-Sonne-150x150.jpg\" class=\"attachment-thumbnail size-thumbnail\" alt=\"\" \/><\/a>\n\t\t\t<\/dt><\/dl><dl class='gallery-item'>\n\t\t\t<dt class='gallery-icon landscape'>\n\t\t\t\t<a href='https:\/\/www.juergen-sw.de\/wp-content\/uploads\/sites\/7\/Neues-Reetdach.jpg'><img loading=\"lazy\" decoding=\"async\" width=\"150\" height=\"150\" src=\"https:\/\/www.juergen-sw.de\/wp-content\/uploads\/sites\/7\/Neues-Reetdach-150x150.jpg\" class=\"attachment-thumbnail size-thumbnail\" alt=\"\" \/><\/a>\n\t\t\t<\/dt><\/dl><dl class='gallery-item'>\n\t\t\t<dt class='gallery-icon landscape'>\n\t\t\t\t<a href='https:\/\/www.juergen-sw.de\/wp-content\/uploads\/sites\/7\/Pferdestall.jpg'><img loading=\"lazy\" decoding=\"async\" width=\"150\" height=\"150\" src=\"https:\/\/www.juergen-sw.de\/wp-content\/uploads\/sites\/7\/Pferdestall-150x150.jpg\" class=\"attachment-thumbnail size-thumbnail\" alt=\"\" \/><\/a>\n\t\t\t<\/dt><\/dl><br style=\"clear: both\" \/>\n\t\t<\/div>\n\n<p>Hej Hej, heute aus Malm\u00f6, +2 Grad, leichter Schneefall!! Auf dem Weg hierher teilweise +5 Grad, ohne Schnee. So sah es heute Morgen beim Blick aus meinem Hotelzimmer aus: Containerverladung in G\u00f6teborg. Gestern war fast nichts zu sehen, Nebel ohne Ende. Daf\u00fcr dann heute teilweise sonnig, \u00fcber dem Feld. Der Reitstall hat ein sehr sch\u00f6nes Geb\u00e4ude. Morgen geht es zuerst zum Reifenwechsel, danach nach Flensburg&#8230;.und tsch\u00fcss.<\/p>\n","protected":false},"excerpt":{"rendered":"<p>Hej Hej, heute aus Malm\u00f6, +2 Grad, leichter Schneefall!! Auf dem Weg hierher teilweise +5 Grad, ohne Schnee. So sah es heute Morgen beim Blick aus meinem Hotelzimmer aus: Containerverladung in G\u00f6teborg. Gestern war fast nichts zu sehen, Nebel ohne Ende. Daf\u00fcr dann heute teilweise sonnig, \u00fcber dem Feld. Der Reitstall hat ein sehr sch\u00f6nes &hellip; <\/p>\n<p><a class=\"more-link btn\" href=\"https:\/\/www.juergen-sw.de\/nordlandtour2018\/2018\/03\/07\/07-03-von-goeteborg-nach-malmoe-mit-umwegen\/\">Weiterlesen<\/a><\/p>\n","protected":false},"author":2,"featured_media":0,"comment_status":"open","ping_status":"open","sticky":false,"template":"","format":"standard","meta":{"footnotes":""},"categories":[1],"tags":[],"class_list":["post-186","post","type-post","status-publish","format-standard","hentry","category-allgemein","item-wrap"],"_links":{"self":[{"href":"https:\/\/www.juergen-sw.de\/nordlandtour2018\/wp-json\/wp\/v2\/posts\/186","targetHints":{"allow":["GET"]}}],"collection":[{"href":"https:\/\/www.juergen-sw.de\/nordlandtour2018\/wp-json\/wp\/v2\/posts"}],"about":[{"href":"https:\/\/www.juergen-sw.de\/nordlandtour2018\/wp-json\/wp\/v2\/types\/post"}],"author":[{"embeddable":true,"href":"https:\/\/www.juergen-sw.de\/nordlandtour2018\/wp-json\/wp\/v2\/users\/2"}],"replies":[{"embeddable":true,"href":"https:\/\/www.juergen-sw.de\/nordlandtour2018\/wp-json\/wp\/v2\/comments?post=186"}],"version-history":[{"count":1,"href":"https:\/\/www.juergen-sw.de\/nordlandtour2018\/wp-json\/wp\/v2\/posts\/186\/revisions"}],"predecessor-version":[{"id":193,"href":"https:\/\/www.juergen-sw.de\/nordlandtour2018\/wp-json\/wp\/v2\/posts\/186\/revisions\/193"}],"wp:attachment":[{"href":"https:\/\/www.juergen-sw.de\/nordlandtour2018\/wp-json\/wp\/v2\/media?parent=186"}],"wp:term":[{"taxonomy":"category","embeddable":true,"href":"https:\/\/www.juergen-sw.de\/nordlandtour2018\/wp-json\/wp\/v2\/categories?post=186"},{"taxonomy":"post_tag","embeddable":true,"href":"https:\/\/www.juergen-sw.de\/nordlandtour2018\/wp-json\/wp\/v2\/tags?post=186"}],"curies":[{"name":"wp","href":"https:\/\/api.w.org\/{rel}","templated":true}]}}