{"id":140,"date":"2018-03-02T17:47:44","date_gmt":"2018-03-02T16:47:44","guid":{"rendered":"https:\/\/www.juergen-sw.de\/nordlandtour2018\/?p=140"},"modified":"2018-03-02T17:48:08","modified_gmt":"2018-03-02T16:48:08","slug":"02-03-von-eidfjord-nach-bergen-odda-und-zurueck","status":"publish","type":"post","link":"https:\/\/www.juergen-sw.de\/nordlandtour2018\/2018\/03\/02\/02-03-von-eidfjord-nach-bergen-odda-und-zurueck\/","title":{"rendered":"02.03. Von Eidfjord nach Bergen, Odda und zur\u00fcck"},"content":{"rendered":"\n\t\t<style type=\"text\/css\">\n\t\t\t#gallery-1 {\n\t\t\t\tmargin: auto;\n\t\t\t}\n\t\t\t#gallery-1 .gallery-item {\n\t\t\t\tfloat: left;\n\t\t\t\tmargin-top: 10px;\n\t\t\t\ttext-align: center;\n\t\t\t\twidth: 20%;\n\t\t\t}\n\t\t\t#gallery-1 img {\n\t\t\t\tborder: 2px solid #cfcfcf;\n\t\t\t}\n\t\t\t#gallery-1 .gallery-caption {\n\t\t\t\tmargin-left: 0;\n\t\t\t}\n\t\t\t\/* see gallery_shortcode() in wp-includes\/media.php *\/\n\t\t<\/style>\n\t\t<div id='gallery-1' class='gallery galleryid-140 gallery-columns-5 gallery-size-thumbnail'><dl class='gallery-item'>\n\t\t\t<dt class='gallery-icon landscape'>\n\t\t\t\t<a href='https:\/\/www.juergen-sw.de\/wp-content\/uploads\/sites\/7\/Bergen-01.jpg'><img loading=\"lazy\" decoding=\"async\" width=\"150\" height=\"150\" src=\"https:\/\/www.juergen-sw.de\/wp-content\/uploads\/sites\/7\/Bergen-01-150x150.jpg\" class=\"attachment-thumbnail size-thumbnail\" alt=\"\" aria-describedby=\"gallery-1-141\" \/><\/a>\n\t\t\t<\/dt>\n\t\t\t\t<dd class='wp-caption-text gallery-caption' id='gallery-1-141'>\n\t\t\t\tOldtimer in Bergen\n\t\t\t\t<\/dd><\/dl><dl class='gallery-item'>\n\t\t\t<dt class='gallery-icon landscape'>\n\t\t\t\t<a href='https:\/\/www.juergen-sw.de\/wp-content\/uploads\/sites\/7\/Bergen-03.jpg'><img loading=\"lazy\" decoding=\"async\" width=\"150\" height=\"150\" src=\"https:\/\/www.juergen-sw.de\/wp-content\/uploads\/sites\/7\/Bergen-03-150x150.jpg\" class=\"attachment-thumbnail size-thumbnail\" alt=\"\" aria-describedby=\"gallery-1-142\" \/><\/a>\n\t\t\t<\/dt>\n\t\t\t\t<dd class='wp-caption-text gallery-caption' id='gallery-1-142'>\n\t\t\t\tBergen und der Floyen\n\t\t\t\t<\/dd><\/dl><dl class='gallery-item'>\n\t\t\t<dt class='gallery-icon landscape'>\n\t\t\t\t<a href='https:\/\/www.juergen-sw.de\/wp-content\/uploads\/sites\/7\/Fischtrawler-01.jpg'><img loading=\"lazy\" decoding=\"async\" width=\"150\" height=\"150\" src=\"https:\/\/www.juergen-sw.de\/wp-content\/uploads\/sites\/7\/Fischtrawler-01-150x150.jpg\" class=\"attachment-thumbnail size-thumbnail\" alt=\"\" aria-describedby=\"gallery-1-144\" \/><\/a>\n\t\t\t<\/dt>\n\t\t\t\t<dd class='wp-caption-text gallery-caption' id='gallery-1-144'>\n\t\t\t\tFischtrawler in der City\n\t\t\t\t<\/dd><\/dl><dl class='gallery-item'>\n\t\t\t<dt class='gallery-icon landscape'>\n\t\t\t\t<a href='https:\/\/www.juergen-sw.de\/wp-content\/uploads\/sites\/7\/Salzstreuen.jpg'><img loading=\"lazy\" decoding=\"async\" width=\"150\" height=\"150\" src=\"https:\/\/www.juergen-sw.de\/wp-content\/uploads\/sites\/7\/Salzstreuen-150x150.jpg\" class=\"attachment-thumbnail size-thumbnail\" alt=\"\" aria-describedby=\"gallery-1-145\" \/><\/a>\n\t\t\t<\/dt>\n\t\t\t\t<dd class='wp-caption-text gallery-caption' id='gallery-1-145'>\n\t\t\t\tSalzstreuen auf Norwegisch\n\t\t\t\t<\/dd><\/dl><dl class='gallery-item'>\n\t\t\t<dt class='gallery-icon landscape'>\n\t\t\t\t<a href='https:\/\/www.juergen-sw.de\/wp-content\/uploads\/sites\/7\/Wasserfall.jpg'><img loading=\"lazy\" decoding=\"async\" width=\"150\" height=\"150\" src=\"https:\/\/www.juergen-sw.de\/wp-content\/uploads\/sites\/7\/Wasserfall-150x150.jpg\" class=\"attachment-thumbnail size-thumbnail\" alt=\"\" aria-describedby=\"gallery-1-146\" \/><\/a>\n\t\t\t<\/dt>\n\t\t\t\t<dd class='wp-caption-text gallery-caption' id='gallery-1-146'>\n\t\t\t\tVereister Wasserfall\n\t\t\t\t<\/dd><\/dl><br style=\"clear: both\" \/>\n\t\t<\/div>\n\n<p>Hej Hej, bei sch\u00f6nstem Wetter, Sonne und -6 Grad ging es heute nach Bergen. Wundersch\u00f6ne alte Holzh\u00e4user aus der Zeit der Hanse. Zum Floyen mit der Standseilbahn h\u00e4tte mehr als eine Stunde gebraucht, da ein Kreuzfahrer angelegt hatte. Ich war schon oben, einige Jahe her. Auf dem Weg nach Odda wurde am Stra\u00dfenrand Salz gestreut, damit das Eis wegtaut und nicht \u00fcber die Fahrbahn l\u00e4uft und gefriert. In Odda habe ich Thord besucht. Im deutschen Fernsehen gibt es eine Serie \u00fcber &#8222;Ice Rescue Norway&#8220;. Thord und seine Mannschaft bergen verungl\u00fcckte LKWs. Spannend zu sehen. Leider ist das Wetter im Moment zu gut und er hat wenig zu tun. Das Fernsehteam ist letzte Woche abgereist. Die neuen Staffel wurde gedreht und ist ab August zu sehen. Im n\u00e4chsten Jahr werde ich Thord wieder besuchen. Morgen geht es weiter nach Stavanger&#8230;.und tsch\u00fcss.<\/p>\n","protected":false},"excerpt":{"rendered":"<p>Hej Hej, bei sch\u00f6nstem Wetter, Sonne und -6 Grad ging es heute nach Bergen. Wundersch\u00f6ne alte Holzh\u00e4user aus der Zeit der Hanse. Zum Floyen mit der Standseilbahn h\u00e4tte mehr als eine Stunde gebraucht, da ein Kreuzfahrer angelegt hatte. Ich war schon oben, einige Jahe her. Auf dem Weg nach Odda wurde am Stra\u00dfenrand Salz gestreut, &hellip; <\/p>\n<p><a class=\"more-link btn\" href=\"https:\/\/www.juergen-sw.de\/nordlandtour2018\/2018\/03\/02\/02-03-von-eidfjord-nach-bergen-odda-und-zurueck\/\">Weiterlesen<\/a><\/p>\n","protected":false},"author":2,"featured_media":0,"comment_status":"open","ping_status":"open","sticky":false,"template":"","format":"standard","meta":{"footnotes":""},"categories":[1],"tags":[],"class_list":["post-140","post","type-post","status-publish","format-standard","hentry","category-allgemein","item-wrap"],"_links":{"self":[{"href":"https:\/\/www.juergen-sw.de\/nordlandtour2018\/wp-json\/wp\/v2\/posts\/140","targetHints":{"allow":["GET"]}}],"collection":[{"href":"https:\/\/www.juergen-sw.de\/nordlandtour2018\/wp-json\/wp\/v2\/posts"}],"about":[{"href":"https:\/\/www.juergen-sw.de\/nordlandtour2018\/wp-json\/wp\/v2\/types\/post"}],"author":[{"embeddable":true,"href":"https:\/\/www.juergen-sw.de\/nordlandtour2018\/wp-json\/wp\/v2\/users\/2"}],"replies":[{"embeddable":true,"href":"https:\/\/www.juergen-sw.de\/nordlandtour2018\/wp-json\/wp\/v2\/comments?post=140"}],"version-history":[{"count":2,"href":"https:\/\/www.juergen-sw.de\/nordlandtour2018\/wp-json\/wp\/v2\/posts\/140\/revisions"}],"predecessor-version":[{"id":148,"href":"https:\/\/www.juergen-sw.de\/nordlandtour2018\/wp-json\/wp\/v2\/posts\/140\/revisions\/148"}],"wp:attachment":[{"href":"https:\/\/www.juergen-sw.de\/nordlandtour2018\/wp-json\/wp\/v2\/media?parent=140"}],"wp:term":[{"taxonomy":"category","embeddable":true,"href":"https:\/\/www.juergen-sw.de\/nordlandtour2018\/wp-json\/wp\/v2\/categories?post=140"},{"taxonomy":"post_tag","embeddable":true,"href":"https:\/\/www.juergen-sw.de\/nordlandtour2018\/wp-json\/wp\/v2\/tags?post=140"}],"curies":[{"name":"wp","href":"https:\/\/api.w.org\/{rel}","templated":true}]}}