{"id":103,"date":"2018-02-26T17:11:56","date_gmt":"2018-02-26T16:11:56","guid":{"rendered":"https:\/\/www.juergen-sw.de\/nordlandtour2018\/?p=103"},"modified":"2018-02-26T17:11:56","modified_gmt":"2018-02-26T16:11:56","slug":"26-02-von-arvidsjaur-nach-storuman","status":"publish","type":"post","link":"https:\/\/www.juergen-sw.de\/nordlandtour2018\/2018\/02\/26\/26-02-von-arvidsjaur-nach-storuman\/","title":{"rendered":"26.02. Von Arvidsjaur nach Storuman"},"content":{"rendered":"\n\t\t<style type=\"text\/css\">\n\t\t\t#gallery-1 {\n\t\t\t\tmargin: auto;\n\t\t\t}\n\t\t\t#gallery-1 .gallery-item {\n\t\t\t\tfloat: left;\n\t\t\t\tmargin-top: 10px;\n\t\t\t\ttext-align: center;\n\t\t\t\twidth: 25%;\n\t\t\t}\n\t\t\t#gallery-1 img {\n\t\t\t\tborder: 2px solid #cfcfcf;\n\t\t\t}\n\t\t\t#gallery-1 .gallery-caption {\n\t\t\t\tmargin-left: 0;\n\t\t\t}\n\t\t\t\/* see gallery_shortcode() in wp-includes\/media.php *\/\n\t\t<\/style>\n\t\t<div id='gallery-1' class='gallery galleryid-103 gallery-columns-4 gallery-size-thumbnail'><dl class='gallery-item'>\n\t\t\t<dt class='gallery-icon landscape'>\n\t\t\t\t<a href='https:\/\/www.juergen-sw.de\/wp-content\/uploads\/sites\/7\/Baum-Schnee-01.jpg'><img loading=\"lazy\" decoding=\"async\" width=\"150\" height=\"150\" src=\"https:\/\/www.juergen-sw.de\/wp-content\/uploads\/sites\/7\/Baum-Schnee-01-150x150.jpg\" class=\"attachment-thumbnail size-thumbnail\" alt=\"\" \/><\/a>\n\t\t\t<\/dt><\/dl><dl class='gallery-item'>\n\t\t\t<dt class='gallery-icon landscape'>\n\t\t\t\t<a href='https:\/\/www.juergen-sw.de\/wp-content\/uploads\/sites\/7\/Baum-Schnee-02.jpg'><img loading=\"lazy\" decoding=\"async\" width=\"150\" height=\"150\" src=\"https:\/\/www.juergen-sw.de\/wp-content\/uploads\/sites\/7\/Baum-Schnee-02-150x150.jpg\" class=\"attachment-thumbnail size-thumbnail\" alt=\"\" \/><\/a>\n\t\t\t<\/dt><\/dl><dl class='gallery-item'>\n\t\t\t<dt class='gallery-icon portrait'>\n\t\t\t\t<a href='https:\/\/www.juergen-sw.de\/wp-content\/uploads\/sites\/7\/Baum-Schnee.jpg'><img loading=\"lazy\" decoding=\"async\" width=\"150\" height=\"150\" src=\"https:\/\/www.juergen-sw.de\/wp-content\/uploads\/sites\/7\/Baum-Schnee-150x150.jpg\" class=\"attachment-thumbnail size-thumbnail\" alt=\"\" \/><\/a>\n\t\t\t<\/dt><\/dl><dl class='gallery-item'>\n\t\t\t<dt class='gallery-icon landscape'>\n\t\t\t\t<a href='https:\/\/www.juergen-sw.de\/wp-content\/uploads\/sites\/7\/Elche.jpg'><img loading=\"lazy\" decoding=\"async\" width=\"150\" height=\"150\" src=\"https:\/\/www.juergen-sw.de\/wp-content\/uploads\/sites\/7\/Elche-150x150.jpg\" class=\"attachment-thumbnail size-thumbnail\" alt=\"\" aria-describedby=\"gallery-1-107\" \/><\/a>\n\t\t\t<\/dt>\n\t\t\t\t<dd class='wp-caption-text gallery-caption' id='gallery-1-107'>\n\t\t\t\tElche\n\t\t\t\t<\/dd><\/dl><br style=\"clear: both\" \/>\n\t\t<\/div>\n\n<p>Hej Hej, heute aus Storuman. Heute Morgen waren Elche uff der Gass. Sie waren leider schnell weg. (oder zum Gl\u00fcck, denn sie standen zuerst mitten auf der Stra\u00dfe!) Noch einige Bilder von gestern. In Arvidsjaur hat es dieses Jahr sehr viel Schnee gegeben. Daher die wunderbaren Bilder. Au\u00dferdem ist es durch den klaren Himmel nachts sehr kalt. 2 N\u00e4chte jeweils &#8211; 37 Grad. In meiner H\u00fctte bei Michaels Lodge war es kuschelige 22 Grad (+). Morgen geht es weiter nach \u00d6stersund. &#8230;..und tsch\u00fcss.<\/p>\n","protected":false},"excerpt":{"rendered":"<p>Hej Hej, heute aus Storuman. Heute Morgen waren Elche uff der Gass. Sie waren leider schnell weg. (oder zum Gl\u00fcck, denn sie standen zuerst mitten auf der Stra\u00dfe!) Noch einige Bilder von gestern. In Arvidsjaur hat es dieses Jahr sehr viel Schnee gegeben. Daher die wunderbaren Bilder. Au\u00dferdem ist es durch den klaren Himmel nachts &hellip; <\/p>\n<p><a class=\"more-link btn\" href=\"https:\/\/www.juergen-sw.de\/nordlandtour2018\/2018\/02\/26\/26-02-von-arvidsjaur-nach-storuman\/\">Weiterlesen<\/a><\/p>\n","protected":false},"author":2,"featured_media":0,"comment_status":"open","ping_status":"open","sticky":false,"template":"","format":"standard","meta":{"footnotes":""},"categories":[1],"tags":[],"class_list":["post-103","post","type-post","status-publish","format-standard","hentry","category-allgemein","item-wrap"],"_links":{"self":[{"href":"https:\/\/www.juergen-sw.de\/nordlandtour2018\/wp-json\/wp\/v2\/posts\/103","targetHints":{"allow":["GET"]}}],"collection":[{"href":"https:\/\/www.juergen-sw.de\/nordlandtour2018\/wp-json\/wp\/v2\/posts"}],"about":[{"href":"https:\/\/www.juergen-sw.de\/nordlandtour2018\/wp-json\/wp\/v2\/types\/post"}],"author":[{"embeddable":true,"href":"https:\/\/www.juergen-sw.de\/nordlandtour2018\/wp-json\/wp\/v2\/users\/2"}],"replies":[{"embeddable":true,"href":"https:\/\/www.juergen-sw.de\/nordlandtour2018\/wp-json\/wp\/v2\/comments?post=103"}],"version-history":[{"count":1,"href":"https:\/\/www.juergen-sw.de\/nordlandtour2018\/wp-json\/wp\/v2\/posts\/103\/revisions"}],"predecessor-version":[{"id":108,"href":"https:\/\/www.juergen-sw.de\/nordlandtour2018\/wp-json\/wp\/v2\/posts\/103\/revisions\/108"}],"wp:attachment":[{"href":"https:\/\/www.juergen-sw.de\/nordlandtour2018\/wp-json\/wp\/v2\/media?parent=103"}],"wp:term":[{"taxonomy":"category","embeddable":true,"href":"https:\/\/www.juergen-sw.de\/nordlandtour2018\/wp-json\/wp\/v2\/categories?post=103"},{"taxonomy":"post_tag","embeddable":true,"href":"https:\/\/www.juergen-sw.de\/nordlandtour2018\/wp-json\/wp\/v2\/tags?post=103"}],"curies":[{"name":"wp","href":"https:\/\/api.w.org\/{rel}","templated":true}]}}