{"id":178,"date":"2017-03-13T19:58:32","date_gmt":"2017-03-13T18:58:32","guid":{"rendered":"https:\/\/www.juergen-sw.de\/nordlandtour2017\/?p=178"},"modified":"2017-03-13T19:58:32","modified_gmt":"2017-03-13T18:58:32","slug":"von-lakselv-ueber-hammerfest-nach-alta","status":"publish","type":"post","link":"https:\/\/www.juergen-sw.de\/nordlandtour2017\/von-lakselv-ueber-hammerfest-nach-alta\/","title":{"rendered":"Von Lakselv \u00fcber Hammerfest nach Alta"},"content":{"rendered":"\n\t\t<style type=\"text\/css\">\n\t\t\t#gallery-1 {\n\t\t\t\tmargin: auto;\n\t\t\t}\n\t\t\t#gallery-1 .gallery-item {\n\t\t\t\tfloat: left;\n\t\t\t\tmargin-top: 10px;\n\t\t\t\ttext-align: center;\n\t\t\t\twidth: 33%;\n\t\t\t}\n\t\t\t#gallery-1 img {\n\t\t\t\tborder: 2px solid #cfcfcf;\n\t\t\t}\n\t\t\t#gallery-1 .gallery-caption {\n\t\t\t\tmargin-left: 0;\n\t\t\t}\n\t\t\t\/* see gallery_shortcode() in wp-includes\/media.php *\/\n\t\t<\/style>\n\t\t<div id='gallery-1' class='gallery galleryid-178 gallery-columns-3 gallery-size-thumbnail'><dl class='gallery-item'>\n\t\t\t<dt class='gallery-icon landscape'>\n\t\t\t\t<a href='https:\/\/www.juergen-sw.de\/wp-content\/uploads\/sites\/6\/Sonne-Meer.jpg'><img loading=\"lazy\" decoding=\"async\" width=\"150\" height=\"150\" src=\"https:\/\/www.juergen-sw.de\/wp-content\/uploads\/sites\/6\/Sonne-Meer-150x150.jpg\" class=\"attachment-thumbnail size-thumbnail\" alt=\"\" aria-describedby=\"gallery-1-184\" \/><\/a>\n\t\t\t<\/dt>\n\t\t\t\t<dd class='wp-caption-text gallery-caption' id='gallery-1-184'>\n\t\t\t\tSonne und Meer\n\t\t\t\t<\/dd><\/dl><dl class='gallery-item'>\n\t\t\t<dt class='gallery-icon landscape'>\n\t\t\t\t<a href='https:\/\/www.juergen-sw.de\/wp-content\/uploads\/sites\/6\/Versorgungsschiff-01.jpg'><img loading=\"lazy\" decoding=\"async\" width=\"150\" height=\"150\" src=\"https:\/\/www.juergen-sw.de\/wp-content\/uploads\/sites\/6\/Versorgungsschiff-01-150x150.jpg\" class=\"attachment-thumbnail size-thumbnail\" alt=\"\" aria-describedby=\"gallery-1-179\" \/><\/a>\n\t\t\t<\/dt>\n\t\t\t\t<dd class='wp-caption-text gallery-caption' id='gallery-1-179'>\n\t\t\t\tVersorgungsschiff\n\t\t\t\t<\/dd><\/dl><dl class='gallery-item'>\n\t\t\t<dt class='gallery-icon landscape'>\n\t\t\t\t<a href='https:\/\/www.juergen-sw.de\/wp-content\/uploads\/sites\/6\/Schneewittchen.jpg'><img loading=\"lazy\" decoding=\"async\" width=\"150\" height=\"150\" src=\"https:\/\/www.juergen-sw.de\/wp-content\/uploads\/sites\/6\/Schneewittchen-150x150.jpg\" class=\"attachment-thumbnail size-thumbnail\" alt=\"\" aria-describedby=\"gallery-1-180\" \/><\/a>\n\t\t\t<\/dt>\n\t\t\t\t<dd class='wp-caption-text gallery-caption' id='gallery-1-180'>\n\t\t\t\tGasverarbeitung Hammerfest\n\t\t\t\t<\/dd><\/dl><br style=\"clear: both\" \/><dl class='gallery-item'>\n\t\t\t<dt class='gallery-icon landscape'>\n\t\t\t\t<a href='https:\/\/www.juergen-sw.de\/wp-content\/uploads\/sites\/6\/Haus.jpg'><img loading=\"lazy\" decoding=\"async\" width=\"150\" height=\"150\" src=\"https:\/\/www.juergen-sw.de\/wp-content\/uploads\/sites\/6\/Haus-150x150.jpg\" class=\"attachment-thumbnail size-thumbnail\" alt=\"\" aria-describedby=\"gallery-1-181\" \/><\/a>\n\t\t\t<\/dt>\n\t\t\t\t<dd class='wp-caption-text gallery-caption' id='gallery-1-181'>\n\t\t\t\tSo kann man wohnen\n\t\t\t\t<\/dd><\/dl><dl class='gallery-item'>\n\t\t\t<dt class='gallery-icon landscape'>\n\t\t\t\t<a href='https:\/\/www.juergen-sw.de\/wp-content\/uploads\/sites\/6\/Panzer.jpg'><img loading=\"lazy\" decoding=\"async\" width=\"150\" height=\"150\" src=\"https:\/\/www.juergen-sw.de\/wp-content\/uploads\/sites\/6\/Panzer-150x150.jpg\" class=\"attachment-thumbnail size-thumbnail\" alt=\"\" aria-describedby=\"gallery-1-182\" \/><\/a>\n\t\t\t<\/dt>\n\t\t\t\t<dd class='wp-caption-text gallery-caption' id='gallery-1-182'>\n\t\t\t\tAchtung: Panzer uff dr Gass\n\t\t\t\t<\/dd><\/dl><dl class='gallery-item'>\n\t\t\t<dt class='gallery-icon landscape'>\n\t\t\t\t<a href='https:\/\/www.juergen-sw.de\/wp-content\/uploads\/sites\/6\/Schneetreiben.jpg'><img loading=\"lazy\" decoding=\"async\" width=\"150\" height=\"150\" src=\"https:\/\/www.juergen-sw.de\/wp-content\/uploads\/sites\/6\/Schneetreiben-150x150.jpg\" class=\"attachment-thumbnail size-thumbnail\" alt=\"\" aria-describedby=\"gallery-1-183\" \/><\/a>\n\t\t\t<\/dt>\n\t\t\t\t<dd class='wp-caption-text gallery-caption' id='gallery-1-183'>\n\t\t\t\tSchneesturm\n\t\t\t\t<\/dd><\/dl><br style=\"clear: both\" \/>\n\t\t<\/div>\n\n<p>Hej Hej aus Alta, Wetter: sonnig -4 Grad. Heute waren die Stra\u00dfen nach Hammerfest und Alta ge\u00f6ffnet. Allerdings gab es jede Menge Milit\u00e4rfahrzeuge uff dr Gass. Norwegen macht die gro\u00dfe Winter\u00fcbung. Der Sturm und der lockere Schnee sind nicht ohne. Man sieht relativ wenig, wohin die Stra\u00dfe f\u00fchrt. Heute ist die Stra\u00dfe zum Nordkapp bis morgen wegen Sturm und Schneetreiben gesperrt. Das ist die Finnmark. In Hammerfest ist die Verarbeitung des Gases, was man in der See findet (Schneewittchen Gasfeld). Beeindruckend. W\u00fcrde die Anlage in die Luft fliegen w\u00e4re Hammerfest nicht mehr da. Schnell weiter nach Alta. Morgen geht es dann nach Troms\u00f6&#8230;..und tsch\u00fcss<\/p>\n","protected":false},"excerpt":{"rendered":"<p>Hej Hej aus Alta, Wetter: sonnig -4 Grad. Heute waren die Stra\u00dfen nach Hammerfest und Alta ge\u00f6ffnet. Allerdings gab es jede Menge Milit\u00e4rfahrzeuge uff dr Gass. Norwegen macht die gro\u00dfe Winter\u00fcbung. Der Sturm und der lockere Schnee sind nicht ohne. Man sieht relativ wenig, wohin die Stra\u00dfe f\u00fchrt. Heute ist die Stra\u00dfe zum Nordkapp bis &hellip; <\/p>\n<p><a class=\"more-link btn\" href=\"https:\/\/www.juergen-sw.de\/nordlandtour2017\/von-lakselv-ueber-hammerfest-nach-alta\/\">Weiterlesen<\/a><\/p>\n","protected":false},"author":2,"featured_media":0,"comment_status":"open","ping_status":"open","sticky":false,"template":"","format":"standard","meta":{"footnotes":""},"categories":[1],"tags":[],"class_list":["post-178","post","type-post","status-publish","format-standard","hentry","category-allgemein","item-wrap"],"_links":{"self":[{"href":"https:\/\/www.juergen-sw.de\/nordlandtour2017\/wp-json\/wp\/v2\/posts\/178","targetHints":{"allow":["GET"]}}],"collection":[{"href":"https:\/\/www.juergen-sw.de\/nordlandtour2017\/wp-json\/wp\/v2\/posts"}],"about":[{"href":"https:\/\/www.juergen-sw.de\/nordlandtour2017\/wp-json\/wp\/v2\/types\/post"}],"author":[{"embeddable":true,"href":"https:\/\/www.juergen-sw.de\/nordlandtour2017\/wp-json\/wp\/v2\/users\/2"}],"replies":[{"embeddable":true,"href":"https:\/\/www.juergen-sw.de\/nordlandtour2017\/wp-json\/wp\/v2\/comments?post=178"}],"version-history":[{"count":1,"href":"https:\/\/www.juergen-sw.de\/nordlandtour2017\/wp-json\/wp\/v2\/posts\/178\/revisions"}],"predecessor-version":[{"id":185,"href":"https:\/\/www.juergen-sw.de\/nordlandtour2017\/wp-json\/wp\/v2\/posts\/178\/revisions\/185"}],"wp:attachment":[{"href":"https:\/\/www.juergen-sw.de\/nordlandtour2017\/wp-json\/wp\/v2\/media?parent=178"}],"wp:term":[{"taxonomy":"category","embeddable":true,"href":"https:\/\/www.juergen-sw.de\/nordlandtour2017\/wp-json\/wp\/v2\/categories?post=178"},{"taxonomy":"post_tag","embeddable":true,"href":"https:\/\/www.juergen-sw.de\/nordlandtour2017\/wp-json\/wp\/v2\/tags?post=178"}],"curies":[{"name":"wp","href":"https:\/\/api.w.org\/{rel}","templated":true}]}}