{"id":172,"date":"2017-03-12T19:53:15","date_gmt":"2017-03-12T18:53:15","guid":{"rendered":"https:\/\/www.juergen-sw.de\/nordlandtour2017\/?p=172"},"modified":"2017-03-12T19:53:15","modified_gmt":"2017-03-12T18:53:15","slug":"von-kirkenes-nach-lakselv","status":"publish","type":"post","link":"https:\/\/www.juergen-sw.de\/nordlandtour2017\/von-kirkenes-nach-lakselv\/","title":{"rendered":"Von Kirkenes nach Lakselv"},"content":{"rendered":"\n\t\t<style type=\"text\/css\">\n\t\t\t#gallery-1 {\n\t\t\t\tmargin: auto;\n\t\t\t}\n\t\t\t#gallery-1 .gallery-item {\n\t\t\t\tfloat: left;\n\t\t\t\tmargin-top: 10px;\n\t\t\t\ttext-align: center;\n\t\t\t\twidth: 33%;\n\t\t\t}\n\t\t\t#gallery-1 img {\n\t\t\t\tborder: 2px solid #cfcfcf;\n\t\t\t}\n\t\t\t#gallery-1 .gallery-caption {\n\t\t\t\tmargin-left: 0;\n\t\t\t}\n\t\t\t\/* see gallery_shortcode() in wp-includes\/media.php *\/\n\t\t<\/style>\n\t\t<div id='gallery-1' class='gallery galleryid-172 gallery-columns-3 gallery-size-thumbnail'><dl class='gallery-item'>\n\t\t\t<dt class='gallery-icon landscape'>\n\t\t\t\t<a href='https:\/\/www.juergen-sw.de\/nordlandtour2017\/von-kirkenes-nach-lakselv\/schneeauto\/'><img loading=\"lazy\" decoding=\"async\" width=\"150\" height=\"150\" src=\"https:\/\/www.juergen-sw.de\/wp-content\/uploads\/sites\/6\/Schneeauto-150x150.jpg\" class=\"attachment-thumbnail size-thumbnail\" alt=\"\" aria-describedby=\"gallery-1-175\" \/><\/a>\n\t\t\t<\/dt>\n\t\t\t\t<dd class='wp-caption-text gallery-caption' id='gallery-1-175'>\n\t\t\t\tSchneemobil\n\t\t\t\t<\/dd><\/dl><dl class='gallery-item'>\n\t\t\t<dt class='gallery-icon landscape'>\n\t\t\t\t<a href='https:\/\/www.juergen-sw.de\/nordlandtour2017\/von-kirkenes-nach-lakselv\/strasse-schnee\/'><img loading=\"lazy\" decoding=\"async\" width=\"150\" height=\"150\" src=\"https:\/\/www.juergen-sw.de\/wp-content\/uploads\/sites\/6\/Strasse-Schnee-150x150.jpg\" class=\"attachment-thumbnail size-thumbnail\" alt=\"\" aria-describedby=\"gallery-1-176\" \/><\/a>\n\t\t\t<\/dt>\n\t\t\t\t<dd class='wp-caption-text gallery-caption' id='gallery-1-176'>\n\t\t\t\tStrassenzustand\n\t\t\t\t<\/dd><\/dl><dl class='gallery-item'>\n\t\t\t<dt class='gallery-icon landscape'>\n\t\t\t\t<a href='https:\/\/www.juergen-sw.de\/nordlandtour2017\/von-kirkenes-nach-lakselv\/landschaft-weitw-01\/'><img loading=\"lazy\" decoding=\"async\" width=\"150\" height=\"150\" src=\"https:\/\/www.juergen-sw.de\/wp-content\/uploads\/sites\/6\/Landschaft-Weitw-01-150x150.jpg\" class=\"attachment-thumbnail size-thumbnail\" alt=\"\" aria-describedby=\"gallery-1-174\" \/><\/a>\n\t\t\t<\/dt>\n\t\t\t\t<dd class='wp-caption-text gallery-caption' id='gallery-1-174'>\n\t\t\t\ttolle Landschaft\n\t\t\t\t<\/dd><\/dl><br style=\"clear: both\" \/><dl class='gallery-item'>\n\t\t\t<dt class='gallery-icon landscape'>\n\t\t\t\t<a href='https:\/\/www.juergen-sw.de\/nordlandtour2017\/von-kirkenes-nach-lakselv\/gesperrte-strasse\/'><img loading=\"lazy\" decoding=\"async\" width=\"150\" height=\"150\" src=\"https:\/\/www.juergen-sw.de\/wp-content\/uploads\/sites\/6\/gesperrte-Strasse-150x150.jpg\" class=\"attachment-thumbnail size-thumbnail\" alt=\"\" aria-describedby=\"gallery-1-173\" \/><\/a>\n\t\t\t<\/dt>\n\t\t\t\t<dd class='wp-caption-text gallery-caption' id='gallery-1-173'>\n\t\t\t\tStrasse gesperrt\n\t\t\t\t<\/dd><\/dl>\n\t\t\t<br style='clear: both' \/>\n\t\t<\/div>\n\n<p>Hej Hej aus Lakselv, Wetter: -4 Grad; auf dem Weg sonnig, weiter nach Norden dichtes Schneetreiben und starker Wind. Heute waren die Schneeg\u00f6tter gegen mich. 100 km vor Honningsvag war die Stra\u00dfe gesperrt. Wahrscheinlich wird sie erst morgen wieder ge\u00f6ffnet. Lawinen kommen von den Bergh\u00e4ngen runter. Im Hotel habe ich geh\u00f6rt, dass heute und teilweise auch morgen in der Nord Finnmark Strassen gesperrt sind und Fl\u00fcge ausfallen. So ist das Leben im Winter. Die Bewohner (und die Touristen) nehmen es gelassen. Dadurch wird auch morgen nichts von der Tour zum Nordkapp. Verschiebe ich auf n\u00e4chstes Jahr. (Dann hoffenttlich bei besserem Wetter). Morgen werde ich \u00fcber Hammerfest nach Alta fahren. &#8230;.wenn die Wege frei sind.\u00a0 &#8230; und tsch\u00fcss bis morgen<\/p>\n","protected":false},"excerpt":{"rendered":"<p>Hej Hej aus Lakselv, Wetter: -4 Grad; auf dem Weg sonnig, weiter nach Norden dichtes Schneetreiben und starker Wind. Heute waren die Schneeg\u00f6tter gegen mich. 100 km vor Honningsvag war die Stra\u00dfe gesperrt. Wahrscheinlich wird sie erst morgen wieder ge\u00f6ffnet. Lawinen kommen von den Bergh\u00e4ngen runter. Im Hotel habe ich geh\u00f6rt, dass heute und teilweise &hellip; <\/p>\n<p><a class=\"more-link btn\" href=\"https:\/\/www.juergen-sw.de\/nordlandtour2017\/von-kirkenes-nach-lakselv\/\">Weiterlesen<\/a><\/p>\n","protected":false},"author":2,"featured_media":0,"comment_status":"open","ping_status":"open","sticky":false,"template":"","format":"standard","meta":{"footnotes":""},"categories":[1],"tags":[],"class_list":["post-172","post","type-post","status-publish","format-standard","hentry","category-allgemein","item-wrap"],"_links":{"self":[{"href":"https:\/\/www.juergen-sw.de\/nordlandtour2017\/wp-json\/wp\/v2\/posts\/172","targetHints":{"allow":["GET"]}}],"collection":[{"href":"https:\/\/www.juergen-sw.de\/nordlandtour2017\/wp-json\/wp\/v2\/posts"}],"about":[{"href":"https:\/\/www.juergen-sw.de\/nordlandtour2017\/wp-json\/wp\/v2\/types\/post"}],"author":[{"embeddable":true,"href":"https:\/\/www.juergen-sw.de\/nordlandtour2017\/wp-json\/wp\/v2\/users\/2"}],"replies":[{"embeddable":true,"href":"https:\/\/www.juergen-sw.de\/nordlandtour2017\/wp-json\/wp\/v2\/comments?post=172"}],"version-history":[{"count":1,"href":"https:\/\/www.juergen-sw.de\/nordlandtour2017\/wp-json\/wp\/v2\/posts\/172\/revisions"}],"predecessor-version":[{"id":177,"href":"https:\/\/www.juergen-sw.de\/nordlandtour2017\/wp-json\/wp\/v2\/posts\/172\/revisions\/177"}],"wp:attachment":[{"href":"https:\/\/www.juergen-sw.de\/nordlandtour2017\/wp-json\/wp\/v2\/media?parent=172"}],"wp:term":[{"taxonomy":"category","embeddable":true,"href":"https:\/\/www.juergen-sw.de\/nordlandtour2017\/wp-json\/wp\/v2\/categories?post=172"},{"taxonomy":"post_tag","embeddable":true,"href":"https:\/\/www.juergen-sw.de\/nordlandtour2017\/wp-json\/wp\/v2\/tags?post=172"}],"curies":[{"name":"wp","href":"https:\/\/api.w.org\/{rel}","templated":true}]}}