{"id":117,"date":"2017-03-07T19:46:35","date_gmt":"2017-03-07T18:46:35","guid":{"rendered":"https:\/\/www.juergen-sw.de\/nordlandtour2017\/?p=117"},"modified":"2017-03-07T19:46:35","modified_gmt":"2017-03-07T18:46:35","slug":"eisparcour-und-schneemobilfahrt","status":"publish","type":"post","link":"https:\/\/www.juergen-sw.de\/nordlandtour2017\/eisparcour-und-schneemobilfahrt\/","title":{"rendered":"Eisparcour und Schneemobilfahrt"},"content":{"rendered":"\n\t\t<style type=\"text\/css\">\n\t\t\t#gallery-1 {\n\t\t\t\tmargin: auto;\n\t\t\t}\n\t\t\t#gallery-1 .gallery-item {\n\t\t\t\tfloat: left;\n\t\t\t\tmargin-top: 10px;\n\t\t\t\ttext-align: center;\n\t\t\t\twidth: 33%;\n\t\t\t}\n\t\t\t#gallery-1 img {\n\t\t\t\tborder: 2px solid #cfcfcf;\n\t\t\t}\n\t\t\t#gallery-1 .gallery-caption {\n\t\t\t\tmargin-left: 0;\n\t\t\t}\n\t\t\t\/* see gallery_shortcode() in wp-includes\/media.php *\/\n\t\t<\/style>\n\t\t<div id='gallery-1' class='gallery galleryid-117 gallery-columns-3 gallery-size-thumbnail'><dl class='gallery-item'>\n\t\t\t<dt class='gallery-icon landscape'>\n\t\t\t\t<a href='https:\/\/www.juergen-sw.de\/wp-content\/uploads\/sites\/6\/Sonne-01.jpg'><img loading=\"lazy\" decoding=\"async\" width=\"150\" height=\"150\" src=\"https:\/\/www.juergen-sw.de\/wp-content\/uploads\/sites\/6\/Sonne-01-150x150.jpg\" class=\"attachment-thumbnail size-thumbnail\" alt=\"\" aria-describedby=\"gallery-1-126\" \/><\/a>\n\t\t\t<\/dt>\n\t\t\t\t<dd class='wp-caption-text gallery-caption' id='gallery-1-126'>\n\t\t\t\tMorgenstimmung\n\t\t\t\t<\/dd><\/dl><dl class='gallery-item'>\n\t\t\t<dt class='gallery-icon landscape'>\n\t\t\t\t<a href='https:\/\/www.juergen-sw.de\/wp-content\/uploads\/sites\/6\/Myrkulla.jpg'><img loading=\"lazy\" decoding=\"async\" width=\"150\" height=\"150\" src=\"https:\/\/www.juergen-sw.de\/wp-content\/uploads\/sites\/6\/Myrkulla-150x150.jpg\" class=\"attachment-thumbnail size-thumbnail\" alt=\"\" aria-describedby=\"gallery-1-122\" \/><\/a>\n\t\t\t<\/dt>\n\t\t\t\t<dd class='wp-caption-text gallery-caption' id='gallery-1-122'>\n\t\t\t\tMyrkulla\n\t\t\t\t<\/dd><\/dl><dl class='gallery-item'>\n\t\t\t<dt class='gallery-icon landscape'>\n\t\t\t\t<a href='https:\/\/www.juergen-sw.de\/wp-content\/uploads\/sites\/6\/Auto-Eisbahn.jpg'><img loading=\"lazy\" decoding=\"async\" width=\"150\" height=\"150\" src=\"https:\/\/www.juergen-sw.de\/wp-content\/uploads\/sites\/6\/Auto-Eisbahn-150x150.jpg\" class=\"attachment-thumbnail size-thumbnail\" alt=\"\" aria-describedby=\"gallery-1-125\" \/><\/a>\n\t\t\t<\/dt>\n\t\t\t\t<dd class='wp-caption-text gallery-caption' id='gallery-1-125'>\n\t\t\t\tEisfahrt\n\t\t\t\t<\/dd><\/dl><br style=\"clear: both\" \/><dl class='gallery-item'>\n\t\t\t<dt class='gallery-icon landscape'>\n\t\t\t\t<a href='https:\/\/www.juergen-sw.de\/wp-content\/uploads\/sites\/6\/Eisbahn.jpg'><img loading=\"lazy\" decoding=\"async\" width=\"150\" height=\"150\" src=\"https:\/\/www.juergen-sw.de\/wp-content\/uploads\/sites\/6\/Eisbahn-150x150.jpg\" class=\"attachment-thumbnail size-thumbnail\" alt=\"\" aria-describedby=\"gallery-1-124\" \/><\/a>\n\t\t\t<\/dt>\n\t\t\t\t<dd class='wp-caption-text gallery-caption' id='gallery-1-124'>\n\t\t\t\tSo sieht die Eisbahn aus\n\t\t\t\t<\/dd><\/dl><dl class='gallery-item'>\n\t\t\t<dt class='gallery-icon landscape'>\n\t\t\t\t<a href='https:\/\/www.juergen-sw.de\/wp-content\/uploads\/sites\/6\/Ich-schneemobil.jpg'><img loading=\"lazy\" decoding=\"async\" width=\"150\" height=\"150\" src=\"https:\/\/www.juergen-sw.de\/wp-content\/uploads\/sites\/6\/Ich-schneemobil-150x150.jpg\" class=\"attachment-thumbnail size-thumbnail\" alt=\"\" aria-describedby=\"gallery-1-123\" \/><\/a>\n\t\t\t<\/dt>\n\t\t\t\t<dd class='wp-caption-text gallery-caption' id='gallery-1-123'>\n\t\t\t\tSchneemobiltour &#8211; Ende\n\t\t\t\t<\/dd><\/dl><dl class='gallery-item'>\n\t\t\t<dt class='gallery-icon landscape'>\n\t\t\t\t<a href='https:\/\/www.juergen-sw.de\/wp-content\/uploads\/sites\/6\/Abendstimmung01.jpg'><img loading=\"lazy\" decoding=\"async\" width=\"150\" height=\"150\" src=\"https:\/\/www.juergen-sw.de\/wp-content\/uploads\/sites\/6\/Abendstimmung01-150x150.jpg\" class=\"attachment-thumbnail size-thumbnail\" alt=\"\" aria-describedby=\"gallery-1-121\" \/><\/a>\n\t\t\t<\/dt>\n\t\t\t\t<dd class='wp-caption-text gallery-caption' id='gallery-1-121'>\n\t\t\t\tAbendstimmung\n\t\t\t\t<\/dd><\/dl><br style=\"clear: both\" \/>\n\t\t<\/div>\n\n<p>Hej Hej, Wetter in Storuman nachts: -26 Grad, tags\u00fcber in Myrkulla -10 Grad, sonnig. Heute gab es gleich 2 Highlights: Tour auf der Eisfl\u00e4che mit meinem GLK und danach ca.1 Stunde mit dem Schneemobil \u00fcber das Gel\u00e4nde von Myrkulla. Traumhaftes Wetter und traumhafte Bedingungen. Der Rundkurs machte das Fahren nicht ganz einfach. Es konnte aber nichts passieren, die elektronischen Helferlein des Autos und die Schneebegrenzungen verhinderten einen &#8220; Abflug&#8220;. Es war toll die Grenzen des Fahrzeuges aus zu loten. Im Alltag m\u00f6chte ich allerdings diese Erfahrungen nicht machen wollen. Auf dem R\u00fcckweg zogen dann Wolken auf. Eine ganz besondere Abendstimmung. &#8230;.und tsch\u00fcss.<\/p>\n","protected":false},"excerpt":{"rendered":"<p>Hej Hej, Wetter in Storuman nachts: -26 Grad, tags\u00fcber in Myrkulla -10 Grad, sonnig. Heute gab es gleich 2 Highlights: Tour auf der Eisfl\u00e4che mit meinem GLK und danach ca.1 Stunde mit dem Schneemobil \u00fcber das Gel\u00e4nde von Myrkulla. Traumhaftes Wetter und traumhafte Bedingungen. Der Rundkurs machte das Fahren nicht ganz einfach. Es konnte aber &hellip; <\/p>\n<p><a class=\"more-link btn\" href=\"https:\/\/www.juergen-sw.de\/nordlandtour2017\/eisparcour-und-schneemobilfahrt\/\">Weiterlesen<\/a><\/p>\n","protected":false},"author":2,"featured_media":0,"comment_status":"open","ping_status":"open","sticky":false,"template":"","format":"standard","meta":{"footnotes":""},"categories":[1],"tags":[],"class_list":["post-117","post","type-post","status-publish","format-standard","hentry","category-allgemein","item-wrap"],"_links":{"self":[{"href":"https:\/\/www.juergen-sw.de\/nordlandtour2017\/wp-json\/wp\/v2\/posts\/117","targetHints":{"allow":["GET"]}}],"collection":[{"href":"https:\/\/www.juergen-sw.de\/nordlandtour2017\/wp-json\/wp\/v2\/posts"}],"about":[{"href":"https:\/\/www.juergen-sw.de\/nordlandtour2017\/wp-json\/wp\/v2\/types\/post"}],"author":[{"embeddable":true,"href":"https:\/\/www.juergen-sw.de\/nordlandtour2017\/wp-json\/wp\/v2\/users\/2"}],"replies":[{"embeddable":true,"href":"https:\/\/www.juergen-sw.de\/nordlandtour2017\/wp-json\/wp\/v2\/comments?post=117"}],"version-history":[{"count":2,"href":"https:\/\/www.juergen-sw.de\/nordlandtour2017\/wp-json\/wp\/v2\/posts\/117\/revisions"}],"predecessor-version":[{"id":127,"href":"https:\/\/www.juergen-sw.de\/nordlandtour2017\/wp-json\/wp\/v2\/posts\/117\/revisions\/127"}],"wp:attachment":[{"href":"https:\/\/www.juergen-sw.de\/nordlandtour2017\/wp-json\/wp\/v2\/media?parent=117"}],"wp:term":[{"taxonomy":"category","embeddable":true,"href":"https:\/\/www.juergen-sw.de\/nordlandtour2017\/wp-json\/wp\/v2\/categories?post=117"},{"taxonomy":"post_tag","embeddable":true,"href":"https:\/\/www.juergen-sw.de\/nordlandtour2017\/wp-json\/wp\/v2\/tags?post=117"}],"curies":[{"name":"wp","href":"https:\/\/api.w.org\/{rel}","templated":true}]}}