{"id":97,"date":"2016-02-17T18:25:47","date_gmt":"2016-02-17T17:25:47","guid":{"rendered":"https:\/\/juergens-nordlandtour.eu\/?p=97"},"modified":"2017-02-03T17:03:43","modified_gmt":"2017-02-03T16:03:43","slug":"4-tag-oerebro-oestersund","status":"publish","type":"post","link":"https:\/\/www.juergen-sw.de\/nordlandtour\/4-tag-oerebro-oestersund\/","title":{"rendered":"4. Tag \u00d6rebro -&gt; \u00d6stersund"},"content":{"rendered":"\n\t\t<style type=\"text\/css\">\n\t\t\t#gallery-1 {\n\t\t\t\tmargin: auto;\n\t\t\t}\n\t\t\t#gallery-1 .gallery-item {\n\t\t\t\tfloat: left;\n\t\t\t\tmargin-top: 10px;\n\t\t\t\ttext-align: center;\n\t\t\t\twidth: 20%;\n\t\t\t}\n\t\t\t#gallery-1 img {\n\t\t\t\tborder: 2px solid #cfcfcf;\n\t\t\t}\n\t\t\t#gallery-1 .gallery-caption {\n\t\t\t\tmargin-left: 0;\n\t\t\t}\n\t\t\t\/* see gallery_shortcode() in wp-includes\/media.php *\/\n\t\t<\/style>\n\t\t<div id='gallery-1' class='gallery galleryid-97 gallery-columns-5 gallery-size-thumbnail'><dl class='gallery-item'>\n\t\t\t<dt class='gallery-icon landscape'>\n\t\t\t\t<a href='https:\/\/www.juergen-sw.de\/wp-content\/uploads\/sites\/2\/IMG_0464.jpg'><img loading=\"lazy\" decoding=\"async\" width=\"150\" height=\"150\" src=\"https:\/\/www.juergen-sw.de\/wp-content\/uploads\/sites\/2\/IMG_0464-150x150.jpg\" class=\"attachment-thumbnail size-thumbnail\" alt=\"\" aria-describedby=\"gallery-1-489\" \/><\/a>\n\t\t\t<\/dt>\n\t\t\t\t<dd class='wp-caption-text gallery-caption' id='gallery-1-489'>\n\t\t\t\tLoks im Schnee \n\t\t\t\t<\/dd><\/dl><dl class='gallery-item'>\n\t\t\t<dt class='gallery-icon landscape'>\n\t\t\t\t<a href='https:\/\/www.juergen-sw.de\/wp-content\/uploads\/sites\/2\/IMG_0468.jpg'><img loading=\"lazy\" decoding=\"async\" width=\"150\" height=\"150\" src=\"https:\/\/www.juergen-sw.de\/wp-content\/uploads\/sites\/2\/IMG_0468-150x150.jpg\" class=\"attachment-thumbnail size-thumbnail\" alt=\"\" aria-describedby=\"gallery-1-491\" \/><\/a>\n\t\t\t<\/dt>\n\t\t\t\t<dd class='wp-caption-text gallery-caption' id='gallery-1-491'>\n\t\t\t\tRentiere uff der Gass\u2018\n\t\t\t\t<\/dd><\/dl><dl class='gallery-item'>\n\t\t\t<dt class='gallery-icon landscape'>\n\t\t\t\t<a href='https:\/\/www.juergen-sw.de\/wp-content\/uploads\/sites\/2\/IMG_0466.jpg'><img loading=\"lazy\" decoding=\"async\" width=\"150\" height=\"150\" src=\"https:\/\/www.juergen-sw.de\/wp-content\/uploads\/sites\/2\/IMG_0466-150x150.jpg\" class=\"attachment-thumbnail size-thumbnail\" alt=\"\" aria-describedby=\"gallery-1-490\" \/><\/a>\n\t\t\t<\/dt>\n\t\t\t\t<dd class='wp-caption-text gallery-caption' id='gallery-1-490'>\n\t\t\t\tRentiere uff der Gass\u2018 \n\t\t\t\t<\/dd><\/dl><dl class='gallery-item'>\n\t\t\t<dt class='gallery-icon landscape'>\n\t\t\t\t<a href='https:\/\/www.juergen-sw.de\/wp-content\/uploads\/sites\/2\/IMG_0472.jpg'><img loading=\"lazy\" decoding=\"async\" width=\"150\" height=\"150\" src=\"https:\/\/www.juergen-sw.de\/wp-content\/uploads\/sites\/2\/IMG_0472-150x150.jpg\" class=\"attachment-thumbnail size-thumbnail\" alt=\"\" aria-describedby=\"gallery-1-492\" \/><\/a>\n\t\t\t<\/dt>\n\t\t\t\t<dd class='wp-caption-text gallery-caption' id='gallery-1-492'>\n\t\t\t\tLions l\u00e4\u00dft gr\u00fc\u00dfen \n\t\t\t\t<\/dd><\/dl><dl class='gallery-item'>\n\t\t\t<dt class='gallery-icon landscape'>\n\t\t\t\t<a href='https:\/\/www.juergen-sw.de\/wp-content\/uploads\/sites\/2\/IMG_0463-2.jpg'><img loading=\"lazy\" decoding=\"async\" width=\"150\" height=\"150\" src=\"https:\/\/www.juergen-sw.de\/wp-content\/uploads\/sites\/2\/IMG_0463-2-150x150.jpg\" class=\"attachment-thumbnail size-thumbnail\" alt=\"\" aria-describedby=\"gallery-1-488\" \/><\/a>\n\t\t\t<\/dt>\n\t\t\t\t<dd class='wp-caption-text gallery-caption' id='gallery-1-488'>\n\t\t\t\t Leider im Winter geschlossen\n\t\t\t\t<\/dd><\/dl><br style=\"clear: both\" \/>\n\t\t<\/div>\n\n<p>Heute war es immer noch sonnig, sp\u00e4ter bew\u00f6lkt, 1,5 Grad. Vorsicht Rentiere uff der Gass&#8216;!! Der Weg war weit, \u00fcber 600 km und Geschwindigkeiten zwischen 70 und 90 km\/h. Geht nur langsam vorran. Endlich ist Schnee am Fahrbandrand, die Stra\u00dfe teilweise eisig. So hab ich&#8217;s gerne!!. &#8230;&#8230; und tsch\u00fcss.<\/p>\n","protected":false},"excerpt":{"rendered":"<p>Heute war es immer noch sonnig, sp\u00e4ter bew\u00f6lkt, 1,5 Grad. Vorsicht Rentiere uff der Gass&#8216;!! Der Weg war weit, \u00fcber 600 km und Geschwindigkeiten zwischen 70 und 90 km\/h. Geht nur langsam vorran. Endlich ist Schnee am Fahrbandrand, die Stra\u00dfe teilweise eisig. So hab ich&#8217;s gerne!!. &#8230;&#8230; und tsch\u00fcss.<\/p>\n","protected":false},"author":2,"featured_media":0,"comment_status":"open","ping_status":"open","sticky":false,"template":"","format":"standard","meta":{"footnotes":""},"categories":[1],"tags":[],"class_list":["post-97","post","type-post","status-publish","format-standard","hentry","category-allgemein","item-wrap"],"_links":{"self":[{"href":"https:\/\/www.juergen-sw.de\/nordlandtour\/wp-json\/wp\/v2\/posts\/97","targetHints":{"allow":["GET"]}}],"collection":[{"href":"https:\/\/www.juergen-sw.de\/nordlandtour\/wp-json\/wp\/v2\/posts"}],"about":[{"href":"https:\/\/www.juergen-sw.de\/nordlandtour\/wp-json\/wp\/v2\/types\/post"}],"author":[{"embeddable":true,"href":"https:\/\/www.juergen-sw.de\/nordlandtour\/wp-json\/wp\/v2\/users\/2"}],"replies":[{"embeddable":true,"href":"https:\/\/www.juergen-sw.de\/nordlandtour\/wp-json\/wp\/v2\/comments?post=97"}],"version-history":[{"count":1,"href":"https:\/\/www.juergen-sw.de\/nordlandtour\/wp-json\/wp\/v2\/posts\/97\/revisions"}],"predecessor-version":[{"id":796,"href":"https:\/\/www.juergen-sw.de\/nordlandtour\/wp-json\/wp\/v2\/posts\/97\/revisions\/796"}],"wp:attachment":[{"href":"https:\/\/www.juergen-sw.de\/nordlandtour\/wp-json\/wp\/v2\/media?parent=97"}],"wp:term":[{"taxonomy":"category","embeddable":true,"href":"https:\/\/www.juergen-sw.de\/nordlandtour\/wp-json\/wp\/v2\/categories?post=97"},{"taxonomy":"post_tag","embeddable":true,"href":"https:\/\/www.juergen-sw.de\/nordlandtour\/wp-json\/wp\/v2\/tags?post=97"}],"curies":[{"name":"wp","href":"https:\/\/api.w.org\/{rel}","templated":true}]}}