{"id":177,"date":"2016-02-23T18:02:52","date_gmt":"2016-02-23T17:02:52","guid":{"rendered":"https:\/\/juergens-nordlandtour.eu\/?p=177"},"modified":"2017-02-03T17:03:43","modified_gmt":"2017-02-03T16:03:43","slug":"das-nordkapp","status":"publish","type":"post","link":"https:\/\/www.juergen-sw.de\/nordlandtour\/das-nordkapp\/","title":{"rendered":"Das Nordkapp"},"content":{"rendered":"\n\t\t<style type=\"text\/css\">\n\t\t\t#gallery-1 {\n\t\t\t\tmargin: auto;\n\t\t\t}\n\t\t\t#gallery-1 .gallery-item {\n\t\t\t\tfloat: left;\n\t\t\t\tmargin-top: 10px;\n\t\t\t\ttext-align: center;\n\t\t\t\twidth: 20%;\n\t\t\t}\n\t\t\t#gallery-1 img {\n\t\t\t\tborder: 2px solid #cfcfcf;\n\t\t\t}\n\t\t\t#gallery-1 .gallery-caption {\n\t\t\t\tmargin-left: 0;\n\t\t\t}\n\t\t\t\/* see gallery_shortcode() in wp-includes\/media.php *\/\n\t\t<\/style>\n\t\t<div id='gallery-1' class='gallery galleryid-177 gallery-columns-5 gallery-size-thumbnail'><dl class='gallery-item'>\n\t\t\t<dt class='gallery-icon landscape'>\n\t\t\t\t<a href='https:\/\/www.juergen-sw.de\/wp-content\/uploads\/sites\/2\/IMG_0622.jpg'><img loading=\"lazy\" decoding=\"async\" width=\"150\" height=\"150\" src=\"https:\/\/www.juergen-sw.de\/wp-content\/uploads\/sites\/2\/IMG_0622-150x150.jpg\" class=\"attachment-thumbnail size-thumbnail\" alt=\"\" aria-describedby=\"gallery-1-544\" \/><\/a>\n\t\t\t<\/dt>\n\t\t\t\t<dd class='wp-caption-text gallery-caption' id='gallery-1-544'>\n\t\t\t\t Der Troll begr\u00fc\u00dft seine G\u00e4ste\n\t\t\t\t<\/dd><\/dl><dl class='gallery-item'>\n\t\t\t<dt class='gallery-icon landscape'>\n\t\t\t\t<a href='https:\/\/www.juergen-sw.de\/wp-content\/uploads\/sites\/2\/IMG_0627-2.jpg'><img loading=\"lazy\" decoding=\"async\" width=\"150\" height=\"150\" src=\"https:\/\/www.juergen-sw.de\/wp-content\/uploads\/sites\/2\/IMG_0627-2-150x150.jpg\" class=\"attachment-thumbnail size-thumbnail\" alt=\"\" aria-describedby=\"gallery-1-545\" \/><\/a>\n\t\t\t<\/dt>\n\t\t\t\t<dd class='wp-caption-text gallery-caption' id='gallery-1-545'>\n\t\t\t\tDer Gl\u00fccksstern am Nordkapp\n\t\t\t\t<\/dd><\/dl><dl class='gallery-item'>\n\t\t\t<dt class='gallery-icon landscape'>\n\t\t\t\t<a href='https:\/\/www.juergen-sw.de\/wp-content\/uploads\/sites\/2\/IMG_0632.jpg'><img loading=\"lazy\" decoding=\"async\" width=\"150\" height=\"150\" src=\"https:\/\/www.juergen-sw.de\/wp-content\/uploads\/sites\/2\/IMG_0632-150x150.jpg\" class=\"attachment-thumbnail size-thumbnail\" alt=\"\" aria-describedby=\"gallery-1-546\" \/><\/a>\n\t\t\t<\/dt>\n\t\t\t\t<dd class='wp-caption-text gallery-caption' id='gallery-1-546'>\n\t\t\t\tHonningsvag, Kirche Innenansicht\n\t\t\t\t<\/dd><\/dl><dl class='gallery-item'>\n\t\t\t<dt class='gallery-icon landscape'>\n\t\t\t\t<a href='https:\/\/www.juergen-sw.de\/wp-content\/uploads\/sites\/2\/IMG_0635.jpg'><img loading=\"lazy\" decoding=\"async\" width=\"150\" height=\"150\" src=\"https:\/\/www.juergen-sw.de\/wp-content\/uploads\/sites\/2\/IMG_0635-150x150.jpg\" class=\"attachment-thumbnail size-thumbnail\" alt=\"\" aria-describedby=\"gallery-1-547\" \/><\/a>\n\t\t\t<\/dt>\n\t\t\t\t<dd class='wp-caption-text gallery-caption' id='gallery-1-547'>\n\t\t\t\tHonningsvag, Kirche\n\t\t\t\t<\/dd><\/dl><dl class='gallery-item'>\n\t\t\t<dt class='gallery-icon landscape'>\n\t\t\t\t<a href='https:\/\/www.juergen-sw.de\/wp-content\/uploads\/sites\/2\/IMG_0637.jpg'><img loading=\"lazy\" decoding=\"async\" width=\"150\" height=\"150\" src=\"https:\/\/www.juergen-sw.de\/wp-content\/uploads\/sites\/2\/IMG_0637-150x150.jpg\" class=\"attachment-thumbnail size-thumbnail\" alt=\"\" aria-describedby=\"gallery-1-548\" \/><\/a>\n\t\t\t<\/dt>\n\t\t\t\t<dd class='wp-caption-text gallery-caption' id='gallery-1-548'>\n\t\t\t\tDer Hund begr\u00fc\u00dft\n\t\t\t\t<\/dd><\/dl><br style=\"clear: both\" \/><dl class='gallery-item'>\n\t\t\t<dt class='gallery-icon landscape'>\n\t\t\t\t<a href='https:\/\/www.juergen-sw.de\/wp-content\/uploads\/sites\/2\/IMG_0638.jpg'><img loading=\"lazy\" decoding=\"async\" width=\"150\" height=\"150\" src=\"https:\/\/www.juergen-sw.de\/wp-content\/uploads\/sites\/2\/IMG_0638-150x150.jpg\" class=\"attachment-thumbnail size-thumbnail\" alt=\"\" aria-describedby=\"gallery-1-549\" \/><\/a>\n\t\t\t<\/dt>\n\t\t\t\t<dd class='wp-caption-text gallery-caption' id='gallery-1-549'>\n\t\t\t\tIst er nicht s\u00fc\u00df?\n\t\t\t\t<\/dd><\/dl><dl class='gallery-item'>\n\t\t\t<dt class='gallery-icon landscape'>\n\t\t\t\t<a href='https:\/\/www.juergen-sw.de\/wp-content\/uploads\/sites\/2\/IMG_0639.jpg'><img loading=\"lazy\" decoding=\"async\" width=\"150\" height=\"150\" src=\"https:\/\/www.juergen-sw.de\/wp-content\/uploads\/sites\/2\/IMG_0639-150x150.jpg\" class=\"attachment-thumbnail size-thumbnail\" alt=\"\" aria-describedby=\"gallery-1-550\" \/><\/a>\n\t\t\t<\/dt>\n\t\t\t\t<dd class='wp-caption-text gallery-caption' id='gallery-1-550'>\n\t\t\t\tTroll in Honningsvag\n\t\t\t\t<\/dd><\/dl>\n\t\t\t<br style='clear: both' \/>\n\t\t<\/div>\n\n<p>Hej Hej, Wetter am Nordkapp: -3,5 Grad, Schneetreiben, Sonne, Starkwind, Nebel. Eine typische Nordkapp Wettermischung.\u00a0 Alleine der Weg im Convoy war extrem stressig, Schneetreiben, aufgewirbelter Schnee, Sicht zum Vordermann keine 2 Meter. Und das \u00fcber nahezu 5 km!!! Daf\u00fcr hatte ich die Chance das Bild mit dem Auto und dem &#8220; Gl\u00fccksstern&#8220; machen zu k\u00f6nnen. Toll. Morgen gibt es eine Plan\u00e4nderung: Kirkenes f\u00e4llt aus, es k\u00f6nnte eine Stra\u00dfe wegen Schneeverwehungen gesperrt sein. Daf\u00fcr geht es dann direkt nach Karasjok. So ist der Winter in Norwegen halt. &#8230;&#8230;.und tsch\u00fcss<\/p>\n","protected":false},"excerpt":{"rendered":"<p>Hej Hej, Wetter am Nordkapp: -3,5 Grad, Schneetreiben, Sonne, Starkwind, Nebel. Eine typische Nordkapp Wettermischung.\u00a0 Alleine der Weg im Convoy war extrem stressig, Schneetreiben, aufgewirbelter Schnee, Sicht zum Vordermann keine 2 Meter. Und das \u00fcber nahezu 5 km!!! Daf\u00fcr hatte ich die Chance das Bild mit dem Auto und dem &#8220; Gl\u00fccksstern&#8220; machen zu k\u00f6nnen. &hellip; <\/p>\n<p><a class=\"more-link btn\" href=\"https:\/\/www.juergen-sw.de\/nordlandtour\/das-nordkapp\/\">Weiterlesen<\/a><\/p>\n","protected":false},"author":2,"featured_media":0,"comment_status":"open","ping_status":"open","sticky":false,"template":"","format":"standard","meta":{"footnotes":""},"categories":[1],"tags":[],"class_list":["post-177","post","type-post","status-publish","format-standard","hentry","category-allgemein","item-wrap"],"_links":{"self":[{"href":"https:\/\/www.juergen-sw.de\/nordlandtour\/wp-json\/wp\/v2\/posts\/177","targetHints":{"allow":["GET"]}}],"collection":[{"href":"https:\/\/www.juergen-sw.de\/nordlandtour\/wp-json\/wp\/v2\/posts"}],"about":[{"href":"https:\/\/www.juergen-sw.de\/nordlandtour\/wp-json\/wp\/v2\/types\/post"}],"author":[{"embeddable":true,"href":"https:\/\/www.juergen-sw.de\/nordlandtour\/wp-json\/wp\/v2\/users\/2"}],"replies":[{"embeddable":true,"href":"https:\/\/www.juergen-sw.de\/nordlandtour\/wp-json\/wp\/v2\/comments?post=177"}],"version-history":[{"count":1,"href":"https:\/\/www.juergen-sw.de\/nordlandtour\/wp-json\/wp\/v2\/posts\/177\/revisions"}],"predecessor-version":[{"id":789,"href":"https:\/\/www.juergen-sw.de\/nordlandtour\/wp-json\/wp\/v2\/posts\/177\/revisions\/789"}],"wp:attachment":[{"href":"https:\/\/www.juergen-sw.de\/nordlandtour\/wp-json\/wp\/v2\/media?parent=177"}],"wp:term":[{"taxonomy":"category","embeddable":true,"href":"https:\/\/www.juergen-sw.de\/nordlandtour\/wp-json\/wp\/v2\/categories?post=177"},{"taxonomy":"post_tag","embeddable":true,"href":"https:\/\/www.juergen-sw.de\/nordlandtour\/wp-json\/wp\/v2\/tags?post=177"}],"curies":[{"name":"wp","href":"https:\/\/api.w.org\/{rel}","templated":true}]}}