{"id":107,"date":"2016-02-15T17:00:21","date_gmt":"2016-02-15T16:00:21","guid":{"rendered":"https:\/\/juergens-nordlandtour.eu\/?p=107"},"modified":"2017-02-03T17:03:43","modified_gmt":"2017-02-03T16:03:43","slug":"endlich-sonne","status":"publish","type":"post","link":"https:\/\/www.juergen-sw.de\/nordlandtour\/endlich-sonne\/","title":{"rendered":"Endlich Sonne"},"content":{"rendered":"<p><a href=\"https:\/\/juergens-nordlandtour.eu\/wp-content\/uploads\/DSC00004.jpg\"><img loading=\"lazy\" decoding=\"async\" class=\"alignnone wp-image-108 size-medium\" src=\"https:\/\/juergens-nordlandtour.eu\/wp-content\/uploads\/DSC00004-300x225.jpg\" alt=\"DSC00004\" width=\"300\" height=\"225\" \/><\/a><\/p>\n<p>Endlich gab es heute mal Sonne auf dem Weg von Bremen nach Malm\u00f6. Der Wind war sehr stark, man konnte geradeso die Storebeltbr\u00fccke und die \u00d6resundbr\u00fccke \u00fcberqueren. Gestern waren sie gesperrt!! Bis morgen und &#8230;&#8230; tsch\u00fcss<\/p>\n<p>&nbsp;<\/p>\n<p>&nbsp;<\/p>\n","protected":false},"excerpt":{"rendered":"<p>Endlich gab es heute mal Sonne auf dem Weg von Bremen nach Malm\u00f6. Der Wind war sehr stark, man konnte geradeso die Storebeltbr\u00fccke und die \u00d6resundbr\u00fccke \u00fcberqueren. Gestern waren sie gesperrt!! Bis morgen und &#8230;&#8230; tsch\u00fcss &nbsp; &nbsp;<\/p>\n","protected":false},"author":2,"featured_media":0,"comment_status":"open","ping_status":"open","sticky":false,"template":"","format":"standard","meta":{"footnotes":""},"categories":[1],"tags":[],"class_list":["post-107","post","type-post","status-publish","format-standard","hentry","category-allgemein","item-wrap"],"_links":{"self":[{"href":"https:\/\/www.juergen-sw.de\/nordlandtour\/wp-json\/wp\/v2\/posts\/107","targetHints":{"allow":["GET"]}}],"collection":[{"href":"https:\/\/www.juergen-sw.de\/nordlandtour\/wp-json\/wp\/v2\/posts"}],"about":[{"href":"https:\/\/www.juergen-sw.de\/nordlandtour\/wp-json\/wp\/v2\/types\/post"}],"author":[{"embeddable":true,"href":"https:\/\/www.juergen-sw.de\/nordlandtour\/wp-json\/wp\/v2\/users\/2"}],"replies":[{"embeddable":true,"href":"https:\/\/www.juergen-sw.de\/nordlandtour\/wp-json\/wp\/v2\/comments?post=107"}],"version-history":[{"count":1,"href":"https:\/\/www.juergen-sw.de\/nordlandtour\/wp-json\/wp\/v2\/posts\/107\/revisions"}],"predecessor-version":[{"id":800,"href":"https:\/\/www.juergen-sw.de\/nordlandtour\/wp-json\/wp\/v2\/posts\/107\/revisions\/800"}],"wp:attachment":[{"href":"https:\/\/www.juergen-sw.de\/nordlandtour\/wp-json\/wp\/v2\/media?parent=107"}],"wp:term":[{"taxonomy":"category","embeddable":true,"href":"https:\/\/www.juergen-sw.de\/nordlandtour\/wp-json\/wp\/v2\/categories?post=107"},{"taxonomy":"post_tag","embeddable":true,"href":"https:\/\/www.juergen-sw.de\/nordlandtour\/wp-json\/wp\/v2\/tags?post=107"}],"curies":[{"name":"wp","href":"https:\/\/api.w.org\/{rel}","templated":true}]}}